{"id":19667,"date":"2025-06-04T15:00:00","date_gmt":"2025-06-04T21:00:00","guid":{"rendered":"https:\/\/cronicadesoledad.com\/?p=19667"},"modified":"2025-06-04T19:37:44","modified_gmt":"2025-06-05T01:37:44","slug":"diputado-lanza-radar-del-agua-ante-crisis-hidrica-en-soledad","status":"publish","type":"post","link":"https:\/\/cronicadesoledad.com\/index.php\/2025\/06\/04\/diputado-lanza-radar-del-agua-ante-crisis-hidrica-en-soledad\/","title":{"rendered":"Diputado lanza \u201cRadar del Agua\u201d ante crisis h\u00eddrica en Soledad"},"content":{"rendered":"\n<p>M\u00e1s de 40 mil habitantes en Soledad enfrentan diariamente la falta de agua potable, una situaci\u00f3n cr\u00edtica que ha obligado a las familias a pagar por pipas para cubrir sus necesidades b\u00e1sicas. Ante este panorama, el diputado Luis Fernando G\u00e1mez Mac\u00edas present\u00f3 una nueva herramienta digital denominada \u201cRadar del Agua\u201d, con el prop\u00f3sito de visibilizar el problema y generar acciones concretas.<\/p>\n\n\n\n<p>El legislador advirti\u00f3 que el desabasto representa una violaci\u00f3n a los derechos humanos, por lo que es urgente fortalecer el marco legal relacionado con la gesti\u00f3n del agua. En ese sentido, adelant\u00f3 que prepara una iniciativa de reforma que permita actualizar la legislaci\u00f3n estatal y alinearla con modelos implementados en entidades como Jalisco y Quer\u00e9taro, donde el crecimiento urbano se planifica con base en la disponibilidad h\u00eddrica.<\/p>\n\n\n\n<p>El \u201cRadar del Agua\u201d ser\u00e1 un micrositio alojado en su p\u00e1gina web, donde se publicar\u00e1 informaci\u00f3n oficial, cient\u00edfica y ciudadana sobre la situaci\u00f3n del suministro en la zona metropolitana. El objetivo, se\u00f1al\u00f3 G\u00e1mez Mac\u00edas, es dar seguimiento a las colonias afectadas y confrontar las versiones oficiales con los reportes que emiten directamente los ciudadanos.<\/p>\n\n\n\n<p>De acuerdo con el diputado, la plataforma integrar\u00e1 datos de la Comisi\u00f3n Estatal del Agua, el organismo INTERAPAS y an\u00e1lisis elaborados por especialistas en el tema. Adem\u00e1s, buscar\u00e1 eliminar el sesgo pol\u00edtico en torno al problema, ya que mientras las autoridades afirman que el servicio est\u00e1 garantizado, m\u00faltiples sectores de la poblaci\u00f3n denuncian lo contrario.<\/p>\n\n\n\n<p>G\u00e1mez Mac\u00edas indic\u00f3 que esta iniciativa tambi\u00e9n responde a la exigencia de transparencia por parte de la ciudadan\u00eda, al ser una forma de mostrar el trabajo legislativo, las propuestas presentadas y los avances en la defensa del derecho al agua.<\/p>\n\n\n\n<p><\/p>\n","protected":false},"excerpt":{"rendered":"<p>M\u00e1s de 40 mil habitantes en Soledad enfrentan diariamente la falta de agua potable, una situaci\u00f3n cr\u00edtica que ha obligado a las familias a pagar por pipas para cubrir sus necesidades b\u00e1sicas. Ante este panorama, el diputado Luis Fernando G\u00e1mez Mac\u00edas present\u00f3 una nueva herramienta digital denominada \u201cRadar del Agua\u201d, con el prop\u00f3sito de visibilizar [&hellip;]<\/p>\n","protected":false},"author":1,"featured_media":19668,"comment_status":"open","ping_status":"open","sticky":false,"template":"","format":"standard","meta":{"footnotes":""},"categories":[1,24],"tags":[530,4411,261,27],"class_list":{"0":"post-19667","1":"post","2":"type-post","3":"status-publish","4":"format-standard","5":"has-post-thumbnail","7":"category-destacadas","8":"category-informacion-general","9":"tag-agua","10":"tag-radar-del-agua","11":"tag-slp","12":"tag-soledad"},"_links":{"self":[{"href":"https:\/\/cronicadesoledad.com\/index.php\/wp-json\/wp\/v2\/posts\/19667","targetHints":{"allow":["GET"]}}],"collection":[{"href":"https:\/\/cronicadesoledad.com\/index.php\/wp-json\/wp\/v2\/posts"}],"about":[{"href":"https:\/\/cronicadesoledad.com\/index.php\/wp-json\/wp\/v2\/types\/post"}],"author":[{"embeddable":true,"href":"https:\/\/cronicadesoledad.com\/index.php\/wp-json\/wp\/v2\/users\/1"}],"replies":[{"embeddable":true,"href":"https:\/\/cronicadesoledad.com\/index.php\/wp-json\/wp\/v2\/comments?post=19667"}],"version-history":[{"count":1,"href":"https:\/\/cronicadesoledad.com\/index.php\/wp-json\/wp\/v2\/posts\/19667\/revisions"}],"predecessor-version":[{"id":19669,"href":"https:\/\/cronicadesoledad.com\/index.php\/wp-json\/wp\/v2\/posts\/19667\/revisions\/19669"}],"wp:featuredmedia":[{"embeddable":true,"href":"https:\/\/cronicadesoledad.com\/index.php\/wp-json\/wp\/v2\/media\/19668"}],"wp:attachment":[{"href":"https:\/\/cronicadesoledad.com\/index.php\/wp-json\/wp\/v2\/media?parent=19667"}],"wp:term":[{"taxonomy":"category","embeddable":true,"href":"https:\/\/cronicadesoledad.com\/index.php\/wp-json\/wp\/v2\/categories?post=19667"},{"taxonomy":"post_tag","embeddable":true,"href":"https:\/\/cronicadesoledad.com\/index.php\/wp-json\/wp\/v2\/tags?post=19667"}],"curies":[{"name":"wp","href":"https:\/\/api.w.org\/{rel}","templated":true}]}}