{"id":19679,"date":"2025-06-04T15:45:00","date_gmt":"2025-06-04T21:45:00","guid":{"rendered":"https:\/\/cronicadesoledad.com\/?p=19679"},"modified":"2025-06-04T15:22:49","modified_gmt":"2025-06-04T21:22:49","slug":"mexico-cae-en-penales-en-su-debut-en-el-torneo-maurice-revello","status":"publish","type":"post","link":"https:\/\/cronicadesoledad.com\/index.php\/2025\/06\/04\/mexico-cae-en-penales-en-su-debut-en-el-torneo-maurice-revello\/","title":{"rendered":"M\u00e9xico cae en penales en su debut en el Torneo Maurice Revello"},"content":{"rendered":"\n<p>La Selecci\u00f3n Mexicana Sub-20 inici\u00f3 su participaci\u00f3n en el Torneo Maurice Revello 2025, celebrado en Francia, con un empate 3-3 ante Dinamarca que termin\u00f3 en derrota para el equipo tricolor en la tanda de penales, donde los europeos se llevaron el punto extra tras imponerse 5-4.<\/p>\n\n\n\n<p>El equipo dirigido por Eduardo Arce mostr\u00f3 capacidad de reacci\u00f3n a lo largo del encuentro, pues logr\u00f3 igualar el marcador en tres ocasiones, destacando un gol en tiempo de compensaci\u00f3n que forz\u00f3 la definici\u00f3n desde los once pasos. Pese a la entrega del conjunto nacional, la tanda de penales termin\u00f3 favoreciendo a Dinamarca, luego de que Juan Pablo Uribe fallara su disparo, dejando a M\u00e9xico con un punto en su presentaci\u00f3n.<\/p>\n\n\n\n<p>Durante el primer tiempo, Dinamarca tom\u00f3 la delantera con gol de Vester al minuto 11, aunque M\u00e9xico respondi\u00f3 justo antes del descanso con tanto de Virgen. En la segunda mitad, ambos equipos intercambiaron goles en un duelo de alta intensidad. Uribe empat\u00f3 al 84\u2019, y aunque los daneses volvieron a ponerse arriba en el agregado, Tahiel Jim\u00e9nez apareci\u00f3 al 90+7 para dejar el marcador 3-3.<\/p>\n\n\n\n<p>Con este resultado, M\u00e9xico se coloca en el tercer lugar del Grupo B, detr\u00e1s de Jap\u00f3n y Dinamarca. El siguiente compromiso del conjunto azteca ser\u00e1 el s\u00e1bado 7 de junio ante Jap\u00f3n a las 6:00 a.m. (hora del centro de M\u00e9xico), en un duelo clave para sus aspiraciones dentro del certamen juvenil.<\/p>\n","protected":false},"excerpt":{"rendered":"<p>La Selecci\u00f3n Mexicana Sub-20 inici\u00f3 su participaci\u00f3n en el Torneo Maurice Revello 2025, celebrado en Francia, con un empate 3-3 ante Dinamarca que termin\u00f3 en derrota para el equipo tricolor en la tanda de penales, donde los europeos se llevaron el punto extra tras imponerse 5-4. El equipo dirigido por Eduardo Arce mostr\u00f3 capacidad de [&hellip;]<\/p>\n","protected":false},"author":1,"featured_media":19680,"comment_status":"open","ping_status":"open","sticky":false,"template":"","format":"standard","meta":{"footnotes":""},"categories":[20,1,24,3301],"tags":[291,293,3584,4413],"class_list":{"0":"post-19679","1":"post","2":"type-post","3":"status-publish","4":"format-standard","5":"has-post-thumbnail","7":"category-cronica-deportiva","8":"category-destacadas","9":"category-informacion-general","10":"category-internacionales","11":"tag-deportes","12":"tag-futbol-2","13":"tag-seleccion-mexicana","14":"tag-torneo-maurice-revello"},"_links":{"self":[{"href":"https:\/\/cronicadesoledad.com\/index.php\/wp-json\/wp\/v2\/posts\/19679","targetHints":{"allow":["GET"]}}],"collection":[{"href":"https:\/\/cronicadesoledad.com\/index.php\/wp-json\/wp\/v2\/posts"}],"about":[{"href":"https:\/\/cronicadesoledad.com\/index.php\/wp-json\/wp\/v2\/types\/post"}],"author":[{"embeddable":true,"href":"https:\/\/cronicadesoledad.com\/index.php\/wp-json\/wp\/v2\/users\/1"}],"replies":[{"embeddable":true,"href":"https:\/\/cronicadesoledad.com\/index.php\/wp-json\/wp\/v2\/comments?post=19679"}],"version-history":[{"count":1,"href":"https:\/\/cronicadesoledad.com\/index.php\/wp-json\/wp\/v2\/posts\/19679\/revisions"}],"predecessor-version":[{"id":19681,"href":"https:\/\/cronicadesoledad.com\/index.php\/wp-json\/wp\/v2\/posts\/19679\/revisions\/19681"}],"wp:featuredmedia":[{"embeddable":true,"href":"https:\/\/cronicadesoledad.com\/index.php\/wp-json\/wp\/v2\/media\/19680"}],"wp:attachment":[{"href":"https:\/\/cronicadesoledad.com\/index.php\/wp-json\/wp\/v2\/media?parent=19679"}],"wp:term":[{"taxonomy":"category","embeddable":true,"href":"https:\/\/cronicadesoledad.com\/index.php\/wp-json\/wp\/v2\/categories?post=19679"},{"taxonomy":"post_tag","embeddable":true,"href":"https:\/\/cronicadesoledad.com\/index.php\/wp-json\/wp\/v2\/tags?post=19679"}],"curies":[{"name":"wp","href":"https:\/\/api.w.org\/{rel}","templated":true}]}}