{"id":19697,"date":"2025-06-04T18:30:00","date_gmt":"2025-06-05T00:30:00","guid":{"rendered":"https:\/\/cronicadesoledad.com\/?p=19697"},"modified":"2025-06-04T19:36:50","modified_gmt":"2025-06-05T01:36:50","slug":"feria-de-seguridad-visita-la-colonia-benito-juarez-en-soledad","status":"publish","type":"post","link":"https:\/\/cronicadesoledad.com\/index.php\/2025\/06\/04\/feria-de-seguridad-visita-la-colonia-benito-juarez-en-soledad\/","title":{"rendered":"Feria de Seguridad visita la colonia Benito Ju\u00e1rez en Soledad"},"content":{"rendered":"\n<p>Soledad de Graciano S\u00e1nchez, SLP.\u2014 Este mi\u00e9rcoles, la colonia Benito Ju\u00e1rez fue sede de la d\u00e9cimo quinta edici\u00f3n de la Feria de Seguridad, organizada por la Guardia Civil Municipal, en coordinaci\u00f3n con la Guardia Civil Estatal. El evento tuvo como prop\u00f3sito acercar servicios p\u00fablicos, fomentar la prevenci\u00f3n del delito y fortalecer la relaci\u00f3n entre ciudadan\u00eda y autoridades.<\/p>\n\n\n\n<p>Durante la jornada, se instalaron m\u00f3dulos de atenci\u00f3n de distintas dependencias del Ayuntamiento de Soledad, donde las y los vecinos accedieron a tr\u00e1mites, servicios m\u00e9dicos gratuitos como toma de glucosa y ex\u00e1menes de la vista, as\u00ed como orientaci\u00f3n legal, talleres y apoyo en temas de servicios p\u00fablicos y derechos humanos.<\/p>\n\n\n\n<p>La participaci\u00f3n ciudadana fue amplia, especialmente por parte de adultos mayores, madres de familia y estudiantes, quienes aprovecharon los espacios para resolver dudas, recibir atenci\u00f3n y conocer m\u00e1s sobre programas disponibles en su comunidad.<\/p>\n\n\n\n<p>Adem\u00e1s de los servicios, se llevaron a cabo actividades l\u00fadicas para ni\u00f1as y ni\u00f1os enfocadas en la prevenci\u00f3n del delito, valores y cuidado del entorno, incluyendo din\u00e1micas sobre tenencia responsable de mascotas. Todo esto en un ambiente seguro y participativo.<\/p>\n\n\n\n<p>Esta feria forma parte de una estrategia municipal de atenci\u00f3n directa, que busca facilitar el acceso a servicios en las colonias sin que las familias tengan que desplazarse a oficinas gubernamentales. M\u00e1s de 30 dependencias participaron en esta edici\u00f3n.<\/p>\n\n\n\n<p>Uno de los objetivos principales es tambi\u00e9n promover la cultura de la denuncia y la confianza en las corporaciones policiacas, presentando a elementos capacitados como referentes de cercan\u00eda y compromiso con la seguridad.<\/p>\n\n\n\n<p>El Ayuntamiento de Soledad invit\u00f3 a la poblaci\u00f3n a mantenerse informada sobre pr\u00f3ximas ediciones a trav\u00e9s de sus canales oficiales.<\/p>\n\n\n\n<p><\/p>\n","protected":false},"excerpt":{"rendered":"<p>Soledad de Graciano S\u00e1nchez, SLP.\u2014 Este mi\u00e9rcoles, la colonia Benito Ju\u00e1rez fue sede de la d\u00e9cimo quinta edici\u00f3n de la Feria de Seguridad, organizada por la Guardia Civil Municipal, en coordinaci\u00f3n con la Guardia Civil Estatal. El evento tuvo como prop\u00f3sito acercar servicios p\u00fablicos, fomentar la prevenci\u00f3n del delito y fortalecer la relaci\u00f3n entre ciudadan\u00eda [&hellip;]<\/p>\n","protected":false},"author":1,"featured_media":19698,"comment_status":"open","ping_status":"open","sticky":false,"template":"","format":"standard","meta":{"footnotes":""},"categories":[1,24,21],"tags":[223,3277,1110,2483,261,27],"class_list":{"0":"post-19697","1":"post","2":"type-post","3":"status-publish","4":"format-standard","5":"has-post-thumbnail","7":"category-destacadas","8":"category-informacion-general","9":"category-tu-soledad","10":"tag-ayuntamiento-soledense","11":"tag-feria-de-seguridad","12":"tag-guardia-civil-estatal","13":"tag-guardia-civil-municipal","14":"tag-slp","15":"tag-soledad"},"_links":{"self":[{"href":"https:\/\/cronicadesoledad.com\/index.php\/wp-json\/wp\/v2\/posts\/19697","targetHints":{"allow":["GET"]}}],"collection":[{"href":"https:\/\/cronicadesoledad.com\/index.php\/wp-json\/wp\/v2\/posts"}],"about":[{"href":"https:\/\/cronicadesoledad.com\/index.php\/wp-json\/wp\/v2\/types\/post"}],"author":[{"embeddable":true,"href":"https:\/\/cronicadesoledad.com\/index.php\/wp-json\/wp\/v2\/users\/1"}],"replies":[{"embeddable":true,"href":"https:\/\/cronicadesoledad.com\/index.php\/wp-json\/wp\/v2\/comments?post=19697"}],"version-history":[{"count":1,"href":"https:\/\/cronicadesoledad.com\/index.php\/wp-json\/wp\/v2\/posts\/19697\/revisions"}],"predecessor-version":[{"id":19699,"href":"https:\/\/cronicadesoledad.com\/index.php\/wp-json\/wp\/v2\/posts\/19697\/revisions\/19699"}],"wp:featuredmedia":[{"embeddable":true,"href":"https:\/\/cronicadesoledad.com\/index.php\/wp-json\/wp\/v2\/media\/19698"}],"wp:attachment":[{"href":"https:\/\/cronicadesoledad.com\/index.php\/wp-json\/wp\/v2\/media?parent=19697"}],"wp:term":[{"taxonomy":"category","embeddable":true,"href":"https:\/\/cronicadesoledad.com\/index.php\/wp-json\/wp\/v2\/categories?post=19697"},{"taxonomy":"post_tag","embeddable":true,"href":"https:\/\/cronicadesoledad.com\/index.php\/wp-json\/wp\/v2\/tags?post=19697"}],"curies":[{"name":"wp","href":"https:\/\/api.w.org\/{rel}","templated":true}]}}