{"id":19705,"date":"2025-06-04T19:56:48","date_gmt":"2025-06-05T01:56:48","guid":{"rendered":"https:\/\/cronicadesoledad.com\/?p=19705"},"modified":"2025-06-04T19:56:49","modified_gmt":"2025-06-05T01:56:49","slug":"protestan-padres-por-falta-de-maestros-en-telesecundaria","status":"publish","type":"post","link":"https:\/\/cronicadesoledad.com\/index.php\/2025\/06\/04\/protestan-padres-por-falta-de-maestros-en-telesecundaria\/","title":{"rendered":"Protestan padres por falta de maestros en telesecundaria"},"content":{"rendered":"\n<p>Padres de familia de la telesecundaria de la comunidad C\u00e1ndido Navarro tomaron este mi\u00e9rcoles las instalaciones en protesta por la falta de maestros. Con pancartas y bloqueos, exigieron a la Secretar\u00eda de Educaci\u00f3n estatal una soluci\u00f3n urgente a esta problem\u00e1tica que, aseguran, pone en riesgo el derecho a la educaci\u00f3n de sus hijos.<\/p>\n\n\n\n<p>Desde temprano, los tutores se plantaron en la entrada del plantel con mensajes como \u201cSolo tenemos dos maestras para toda la escuela\u201d y \u201cExigimos maestros en las aulas\u201d, impidiendo el acceso a personal acad\u00e9mico y administrativo. Algunos alumnos realizaron tareas escolares afuera del plantel mientras se desarrollaba la manifestaci\u00f3n.<\/p>\n\n\n\n<p>Los padres advirtieron que no retirar\u00e1n el bloqueo hasta recibir una respuesta clara y la presencia de autoridades. Incluso, se\u00f1alaron que podr\u00edan radicalizar sus acciones bloqueando la Carretera 57 si no se atiende su demanda.<\/p>\n\n\n\n<p>Este caso no es aislado en San Luis Potos\u00ed. La falta de maestros ha sido una constante en varias regiones del estado y, hasta ahora, la Secretar\u00eda de Educaci\u00f3n no ha logrado revertir el d\u00e9ficit docente que persiste en muchas escuelas.<\/p>\n","protected":false},"excerpt":{"rendered":"<p>Padres de familia de la telesecundaria de la comunidad C\u00e1ndido Navarro tomaron este mi\u00e9rcoles las instalaciones en protesta por la falta de maestros. Con pancartas y bloqueos, exigieron a la Secretar\u00eda de Educaci\u00f3n estatal una soluci\u00f3n urgente a esta problem\u00e1tica que, aseguran, pone en riesgo el derecho a la educaci\u00f3n de sus hijos. Desde temprano, [&hellip;]<\/p>\n","protected":false},"author":2,"featured_media":19706,"comment_status":"open","ping_status":"open","sticky":false,"template":"","format":"standard","meta":{"footnotes":""},"categories":[1,24],"tags":[3099,1888,294,261,27,3176],"class_list":{"0":"post-19705","1":"post","2":"type-post","3":"status-publish","4":"format-standard","5":"has-post-thumbnail","7":"category-destacadas","8":"category-informacion-general","9":"tag-candido-navarro-2","10":"tag-educacion-2","11":"tag-san-luis","12":"tag-slp","13":"tag-soledad","14":"tag-telesecundaria"},"_links":{"self":[{"href":"https:\/\/cronicadesoledad.com\/index.php\/wp-json\/wp\/v2\/posts\/19705","targetHints":{"allow":["GET"]}}],"collection":[{"href":"https:\/\/cronicadesoledad.com\/index.php\/wp-json\/wp\/v2\/posts"}],"about":[{"href":"https:\/\/cronicadesoledad.com\/index.php\/wp-json\/wp\/v2\/types\/post"}],"author":[{"embeddable":true,"href":"https:\/\/cronicadesoledad.com\/index.php\/wp-json\/wp\/v2\/users\/2"}],"replies":[{"embeddable":true,"href":"https:\/\/cronicadesoledad.com\/index.php\/wp-json\/wp\/v2\/comments?post=19705"}],"version-history":[{"count":1,"href":"https:\/\/cronicadesoledad.com\/index.php\/wp-json\/wp\/v2\/posts\/19705\/revisions"}],"predecessor-version":[{"id":19707,"href":"https:\/\/cronicadesoledad.com\/index.php\/wp-json\/wp\/v2\/posts\/19705\/revisions\/19707"}],"wp:featuredmedia":[{"embeddable":true,"href":"https:\/\/cronicadesoledad.com\/index.php\/wp-json\/wp\/v2\/media\/19706"}],"wp:attachment":[{"href":"https:\/\/cronicadesoledad.com\/index.php\/wp-json\/wp\/v2\/media?parent=19705"}],"wp:term":[{"taxonomy":"category","embeddable":true,"href":"https:\/\/cronicadesoledad.com\/index.php\/wp-json\/wp\/v2\/categories?post=19705"},{"taxonomy":"post_tag","embeddable":true,"href":"https:\/\/cronicadesoledad.com\/index.php\/wp-json\/wp\/v2\/tags?post=19705"}],"curies":[{"name":"wp","href":"https:\/\/api.w.org\/{rel}","templated":true}]}}