{"id":19711,"date":"2025-06-05T16:00:00","date_gmt":"2025-06-05T22:00:00","guid":{"rendered":"https:\/\/cronicadesoledad.com\/?p=19711"},"modified":"2025-06-05T15:27:12","modified_gmt":"2025-06-05T21:27:12","slug":"villa-de-pozos-intensifica-acciones-de-limpieza-por-lluvias","status":"publish","type":"post","link":"https:\/\/cronicadesoledad.com\/index.php\/2025\/06\/05\/villa-de-pozos-intensifica-acciones-de-limpieza-por-lluvias\/","title":{"rendered":"Villa de Pozos intensifica acciones de limpieza por lluvias"},"content":{"rendered":"\n<p>Desde el pasado fin de semana, el Gobierno de Villa de Pozos intensific\u00f3 labores de atenci\u00f3n a los efectos provocados por las lluvias registradas en el municipio, mediante acciones coordinadas entre diversas dependencias municipales.<\/p>\n\n\n\n<p>Gracias a esta estrategia conjunta, se logr\u00f3 el retiro seguro de m\u00e1s de 10 \u00e1rboles ca\u00eddos en distintas zonas; adem\u00e1s, previo a las presipitaciones pluviales se llevaron a cabo trabajos de desazolve en drenajes y se continua con la limpieza de bocas de tormenta en puntos cr\u00edticos, con el objetivo de mitigar el impacto de las intensas lluvias que se registraron.<\/p>\n\n\n\n<p>El director de Servicios Municipales, Emmanuel Agui\u00f1aga Maldonado, inform\u00f3 que, en respuesta a los reportes ciudadanos, se actu\u00f3 de manera inmediata para remover \u00e1rboles ca\u00eddos y liberar vialidades. Asimismo, en coordinaci\u00f3n con la Direcci\u00f3n de Infraestructura y Fortalecimiento Municipal, se realizaron labores de mantenimiento en los sistemas pluviales, los cuales permanecer\u00e1n en operaci\u00f3n durante toda la temporada de lluvias.<\/p>\n\n\n\n<p>Las acciones se llevaron a cabo en colonias como Los Molinos, Los Silos, La Libertad, Prados, Ciudad 2000, Las Mercedes, Villas Mallorca y la Cabecera Municipal, con el objetivo de asegurar el correcto flujo del agua y evitar afectaciones mayores a la infraestructura urbana y viviendas.<\/p>\n","protected":false},"excerpt":{"rendered":"<p>Desde el pasado fin de semana, el Gobierno de Villa de Pozos intensific\u00f3 labores de atenci\u00f3n a los efectos provocados por las lluvias registradas en el municipio, mediante acciones coordinadas entre diversas dependencias municipales. Gracias a esta estrategia conjunta, se logr\u00f3 el retiro seguro de m\u00e1s de 10 \u00e1rboles ca\u00eddos en distintas zonas; adem\u00e1s, previo [&hellip;]<\/p>\n","protected":false},"author":1,"featured_media":19712,"comment_status":"open","ping_status":"open","sticky":false,"template":"","format":"standard","meta":{"footnotes":""},"categories":[1,24,3175],"tags":[581,346,294,261,1068],"class_list":{"0":"post-19711","1":"post","2":"type-post","3":"status-publish","4":"format-standard","5":"has-post-thumbnail","7":"category-destacadas","8":"category-informacion-general","9":"category-pozos","10":"tag-limpieza","11":"tag-lluvias","12":"tag-san-luis","13":"tag-slp","14":"tag-villa-de-pozos"},"_links":{"self":[{"href":"https:\/\/cronicadesoledad.com\/index.php\/wp-json\/wp\/v2\/posts\/19711","targetHints":{"allow":["GET"]}}],"collection":[{"href":"https:\/\/cronicadesoledad.com\/index.php\/wp-json\/wp\/v2\/posts"}],"about":[{"href":"https:\/\/cronicadesoledad.com\/index.php\/wp-json\/wp\/v2\/types\/post"}],"author":[{"embeddable":true,"href":"https:\/\/cronicadesoledad.com\/index.php\/wp-json\/wp\/v2\/users\/1"}],"replies":[{"embeddable":true,"href":"https:\/\/cronicadesoledad.com\/index.php\/wp-json\/wp\/v2\/comments?post=19711"}],"version-history":[{"count":1,"href":"https:\/\/cronicadesoledad.com\/index.php\/wp-json\/wp\/v2\/posts\/19711\/revisions"}],"predecessor-version":[{"id":19713,"href":"https:\/\/cronicadesoledad.com\/index.php\/wp-json\/wp\/v2\/posts\/19711\/revisions\/19713"}],"wp:featuredmedia":[{"embeddable":true,"href":"https:\/\/cronicadesoledad.com\/index.php\/wp-json\/wp\/v2\/media\/19712"}],"wp:attachment":[{"href":"https:\/\/cronicadesoledad.com\/index.php\/wp-json\/wp\/v2\/media?parent=19711"}],"wp:term":[{"taxonomy":"category","embeddable":true,"href":"https:\/\/cronicadesoledad.com\/index.php\/wp-json\/wp\/v2\/categories?post=19711"},{"taxonomy":"post_tag","embeddable":true,"href":"https:\/\/cronicadesoledad.com\/index.php\/wp-json\/wp\/v2\/tags?post=19711"}],"curies":[{"name":"wp","href":"https:\/\/api.w.org\/{rel}","templated":true}]}}