{"id":19758,"date":"2025-06-08T09:00:00","date_gmt":"2025-06-08T15:00:00","guid":{"rendered":"https:\/\/cronicadesoledad.com\/?p=19758"},"modified":"2025-06-07T23:37:11","modified_gmt":"2025-06-08T05:37:11","slug":"particulares-asumiran-limpieza-de-predio-en-valentin-amador","status":"publish","type":"post","link":"https:\/\/cronicadesoledad.com\/index.php\/2025\/06\/08\/particulares-asumiran-limpieza-de-predio-en-valentin-amador\/","title":{"rendered":"Particulares asumir\u00e1n limpieza de predio en Valent\u00edn Amador"},"content":{"rendered":"\n<p><strong>Soledad de Graciano S\u00e1nchez, SLP.\u2013<\/strong><br>La remediaci\u00f3n del terreno ubicado sobre la avenida Valent\u00edn Amador, donde se han registrado al menos cuatro incendios en lo que va del a\u00f1o, estar\u00e1 a cargo de particulares, inform\u00f3 el secretario general del Ayuntamiento, Benjam\u00edn P\u00e9rez \u00c1lvarez.<\/p>\n\n\n\n<p>El funcionario se\u00f1al\u00f3 que si bien el municipio particip\u00f3 en la demolici\u00f3n de una barda perimetral que representaba un riesgo para la ciudadan\u00eda, los trabajos de limpieza y adecuaci\u00f3n del predio no correr\u00e1n por cuenta del Ayuntamiento.<\/p>\n\n\n\n<p>Aunque el gobierno municipal no intervendr\u00e1 directamente en las labores de saneamiento, las autoridades locales mantendr\u00e1n coordinaci\u00f3n con la Secretar\u00eda de Ecolog\u00eda y Gesti\u00f3n Ambiental (SEGAM), dependencia que ser\u00e1 la encargada de establecer los plazos para la limpieza total del terreno.<\/p>\n\n\n\n<p>El secretario a\u00f1adi\u00f3 que las \u00e1reas municipales se mantendr\u00e1n atentas al proceso, en caso de que se requiera apoyo t\u00e9cnico o vial, dentro del \u00e1mbito de sus competencias.<\/p>\n\n\n\n<p><\/p>\n","protected":false},"excerpt":{"rendered":"<p>Soledad de Graciano S\u00e1nchez, SLP.\u2013La remediaci\u00f3n del terreno ubicado sobre la avenida Valent\u00edn Amador, donde se han registrado al menos cuatro incendios en lo que va del a\u00f1o, estar\u00e1 a cargo de particulares, inform\u00f3 el secretario general del Ayuntamiento, Benjam\u00edn P\u00e9rez \u00c1lvarez. El funcionario se\u00f1al\u00f3 que si bien el municipio particip\u00f3 en la demolici\u00f3n de [&hellip;]<\/p>\n","protected":false},"author":1,"featured_media":19759,"comment_status":"open","ping_status":"open","sticky":false,"template":"","format":"standard","meta":{"footnotes":""},"categories":[24,21],"tags":[223,3143,261,27,393],"class_list":{"0":"post-19758","1":"post","2":"type-post","3":"status-publish","4":"format-standard","5":"has-post-thumbnail","7":"category-informacion-general","8":"category-tu-soledad","9":"tag-ayuntamiento-soledense","10":"tag-segam","11":"tag-slp","12":"tag-soledad","13":"tag-valentin-amador"},"_links":{"self":[{"href":"https:\/\/cronicadesoledad.com\/index.php\/wp-json\/wp\/v2\/posts\/19758","targetHints":{"allow":["GET"]}}],"collection":[{"href":"https:\/\/cronicadesoledad.com\/index.php\/wp-json\/wp\/v2\/posts"}],"about":[{"href":"https:\/\/cronicadesoledad.com\/index.php\/wp-json\/wp\/v2\/types\/post"}],"author":[{"embeddable":true,"href":"https:\/\/cronicadesoledad.com\/index.php\/wp-json\/wp\/v2\/users\/1"}],"replies":[{"embeddable":true,"href":"https:\/\/cronicadesoledad.com\/index.php\/wp-json\/wp\/v2\/comments?post=19758"}],"version-history":[{"count":1,"href":"https:\/\/cronicadesoledad.com\/index.php\/wp-json\/wp\/v2\/posts\/19758\/revisions"}],"predecessor-version":[{"id":19760,"href":"https:\/\/cronicadesoledad.com\/index.php\/wp-json\/wp\/v2\/posts\/19758\/revisions\/19760"}],"wp:featuredmedia":[{"embeddable":true,"href":"https:\/\/cronicadesoledad.com\/index.php\/wp-json\/wp\/v2\/media\/19759"}],"wp:attachment":[{"href":"https:\/\/cronicadesoledad.com\/index.php\/wp-json\/wp\/v2\/media?parent=19758"}],"wp:term":[{"taxonomy":"category","embeddable":true,"href":"https:\/\/cronicadesoledad.com\/index.php\/wp-json\/wp\/v2\/categories?post=19758"},{"taxonomy":"post_tag","embeddable":true,"href":"https:\/\/cronicadesoledad.com\/index.php\/wp-json\/wp\/v2\/tags?post=19758"}],"curies":[{"name":"wp","href":"https:\/\/api.w.org\/{rel}","templated":true}]}}