{"id":19767,"date":"2025-06-08T11:00:00","date_gmt":"2025-06-08T17:00:00","guid":{"rendered":"https:\/\/cronicadesoledad.com\/?p=19767"},"modified":"2025-06-07T23:59:11","modified_gmt":"2025-06-08T05:59:11","slug":"descartan-operativo-contra-vidrios-polarizados-en-soledad","status":"publish","type":"post","link":"https:\/\/cronicadesoledad.com\/index.php\/2025\/06\/08\/descartan-operativo-contra-vidrios-polarizados-en-soledad\/","title":{"rendered":"Descartan operativo contra vidrios polarizados en Soledad"},"content":{"rendered":"\n<p>A diferencia de lo anunciado en la capital potosina, donde la Secretar\u00eda de Seguridad y Protecci\u00f3n Ciudadana (SSPC) implement\u00f3 un operativo contra veh\u00edculos con vidrios polarizados, en Soledad de Graciano S\u00e1nchez no se prev\u00e9 aplicar una medida similar, inform\u00f3 el titular de la Polic\u00eda Vial, Edgar Horacio Obreg\u00f3n.<\/p>\n\n\n\n<p>El comandante aclar\u00f3 que, por el momento, no se considera necesario llevar a cabo revisiones espec\u00edficas sobre este tema en el municipio, y no hay instrucciones para iniciar un operativo enfocado en sancionar a conductores por este motivo.<\/p>\n\n\n\n<p>A pesar de ello, Obreg\u00f3n indic\u00f3 que desde la corporaci\u00f3n se contin\u00faa recomendando a los automovilistas evitar polarizados que limiten la visibilidad al interior del veh\u00edculo, ya que esto puede representar un riesgo tanto en materia de seguridad como de tr\u00e1nsito.<\/p>\n\n\n\n<p>La autoridad vial reiter\u00f3 que, aunque en la demarcaci\u00f3n no se aplicar\u00e1n sanciones por esta causa, se mantendr\u00e1 la vigilancia para promover el cumplimiento de otras disposiciones de seguridad vial.<\/p>\n","protected":false},"excerpt":{"rendered":"<p>A diferencia de lo anunciado en la capital potosina, donde la Secretar\u00eda de Seguridad y Protecci\u00f3n Ciudadana (SSPC) implement\u00f3 un operativo contra veh\u00edculos con vidrios polarizados, en Soledad de Graciano S\u00e1nchez no se prev\u00e9 aplicar una medida similar, inform\u00f3 el titular de la Polic\u00eda Vial, Edgar Horacio Obreg\u00f3n. El comandante aclar\u00f3 que, por el momento, [&hellip;]<\/p>\n","protected":false},"author":1,"featured_media":19768,"comment_status":"open","ping_status":"open","sticky":false,"template":"","format":"standard","meta":{"footnotes":""},"categories":[24,21],"tags":[261,27,460],"class_list":{"0":"post-19767","1":"post","2":"type-post","3":"status-publish","4":"format-standard","5":"has-post-thumbnail","7":"category-informacion-general","8":"category-tu-soledad","9":"tag-slp","10":"tag-soledad","11":"tag-sspc"},"_links":{"self":[{"href":"https:\/\/cronicadesoledad.com\/index.php\/wp-json\/wp\/v2\/posts\/19767","targetHints":{"allow":["GET"]}}],"collection":[{"href":"https:\/\/cronicadesoledad.com\/index.php\/wp-json\/wp\/v2\/posts"}],"about":[{"href":"https:\/\/cronicadesoledad.com\/index.php\/wp-json\/wp\/v2\/types\/post"}],"author":[{"embeddable":true,"href":"https:\/\/cronicadesoledad.com\/index.php\/wp-json\/wp\/v2\/users\/1"}],"replies":[{"embeddable":true,"href":"https:\/\/cronicadesoledad.com\/index.php\/wp-json\/wp\/v2\/comments?post=19767"}],"version-history":[{"count":1,"href":"https:\/\/cronicadesoledad.com\/index.php\/wp-json\/wp\/v2\/posts\/19767\/revisions"}],"predecessor-version":[{"id":19769,"href":"https:\/\/cronicadesoledad.com\/index.php\/wp-json\/wp\/v2\/posts\/19767\/revisions\/19769"}],"wp:featuredmedia":[{"embeddable":true,"href":"https:\/\/cronicadesoledad.com\/index.php\/wp-json\/wp\/v2\/media\/19768"}],"wp:attachment":[{"href":"https:\/\/cronicadesoledad.com\/index.php\/wp-json\/wp\/v2\/media?parent=19767"}],"wp:term":[{"taxonomy":"category","embeddable":true,"href":"https:\/\/cronicadesoledad.com\/index.php\/wp-json\/wp\/v2\/categories?post=19767"},{"taxonomy":"post_tag","embeddable":true,"href":"https:\/\/cronicadesoledad.com\/index.php\/wp-json\/wp\/v2\/tags?post=19767"}],"curies":[{"name":"wp","href":"https:\/\/api.w.org\/{rel}","templated":true}]}}