{"id":19771,"date":"2025-06-08T14:00:00","date_gmt":"2025-06-08T20:00:00","guid":{"rendered":"https:\/\/cronicadesoledad.com\/?p=19771"},"modified":"2025-06-08T13:41:14","modified_gmt":"2025-06-08T19:41:14","slug":"francia-vence-a-alemania-y-gana-el-tercer-lugar","status":"publish","type":"post","link":"https:\/\/cronicadesoledad.com\/index.php\/2025\/06\/08\/francia-vence-a-alemania-y-gana-el-tercer-lugar\/","title":{"rendered":"Francia vence a Alemania y gana el tercer lugar"},"content":{"rendered":"\n<p>La selecci\u00f3n de Francia derrot\u00f3 2-0 a Alemania en el duelo por el tercer lugar de la UEFA Nations League 2025, disputado en el Mercedes-Benz Arena. Con goles de Kylian Mbapp\u00e9 y Michael Olise, el conjunto franc\u00e9s cerr\u00f3 su participaci\u00f3n en el torneo con una victoria s\u00f3lida.<\/p>\n\n\n\n<p>El primer gol del encuentro lleg\u00f3 al minuto 45, tras una p\u00e9rdida defensiva del cuadro alem\u00e1n que fue aprovechada por Mbapp\u00e9 con una definici\u00f3n efectiva. En la segunda mitad, Alemania intent\u00f3 responder, pero no logr\u00f3 romper la l\u00ednea defensiva francesa.<\/p>\n\n\n\n<p>Al minuto 83, Olise ampli\u00f3 la ventaja con un disparo cruzado dentro del \u00e1rea, luego de una asistencia de Mbapp\u00e9, dejando sin reacci\u00f3n al equipo dirigido por Julian Nagelsmann.<\/p>\n\n\n\n<p>A pesar de jugar como local, Alemania mostr\u00f3 poca claridad ofensiva. Aunque la posesi\u00f3n fue pareja (49% para Alemania y 51% para Francia), la falta de contundencia y las fallas en defensa marcaron la diferencia. Karim Adeyemi, David Raum y Jonathan Tah fueron amonestados durante el encuentro.<\/p>\n\n\n\n<p>La derrota plantea interrogantes para el equipo alem\u00e1n, que no logr\u00f3 destacar en el torneo y ahora deber\u00e1 hacer ajustes de cara al Mundial de 2026.<\/p>\n\n\n\n<p>Francia, por su parte, cierra su participaci\u00f3n con el tercer lugar tras haber sido eliminada en semifinales por Espa\u00f1a. La Nations League concluir\u00e1 este domingo con la final entre Espa\u00f1a y Portugal.<\/p>\n","protected":false},"excerpt":{"rendered":"<p>La selecci\u00f3n de Francia derrot\u00f3 2-0 a Alemania en el duelo por el tercer lugar de la UEFA Nations League 2025, disputado en el Mercedes-Benz Arena. Con goles de Kylian Mbapp\u00e9 y Michael Olise, el conjunto franc\u00e9s cerr\u00f3 su participaci\u00f3n en el torneo con una victoria s\u00f3lida. El primer gol del encuentro lleg\u00f3 al minuto [&hellip;]<\/p>\n","protected":false},"author":1,"featured_media":19772,"comment_status":"open","ping_status":"open","sticky":false,"template":"","format":"standard","meta":{"footnotes":""},"categories":[20,1,24,3301],"tags":[437,291,4433,4326,4431,4432],"class_list":{"0":"post-19771","1":"post","2":"type-post","3":"status-publish","4":"format-standard","5":"has-post-thumbnail","7":"category-cronica-deportiva","8":"category-destacadas","9":"category-informacion-general","10":"category-internacionales","11":"tag-alemania","12":"tag-deportes","13":"tag-francia","14":"tag-futbol-internacional","15":"tag-liga-de-naciones-uefa","16":"tag-tercer-lugar"},"_links":{"self":[{"href":"https:\/\/cronicadesoledad.com\/index.php\/wp-json\/wp\/v2\/posts\/19771","targetHints":{"allow":["GET"]}}],"collection":[{"href":"https:\/\/cronicadesoledad.com\/index.php\/wp-json\/wp\/v2\/posts"}],"about":[{"href":"https:\/\/cronicadesoledad.com\/index.php\/wp-json\/wp\/v2\/types\/post"}],"author":[{"embeddable":true,"href":"https:\/\/cronicadesoledad.com\/index.php\/wp-json\/wp\/v2\/users\/1"}],"replies":[{"embeddable":true,"href":"https:\/\/cronicadesoledad.com\/index.php\/wp-json\/wp\/v2\/comments?post=19771"}],"version-history":[{"count":1,"href":"https:\/\/cronicadesoledad.com\/index.php\/wp-json\/wp\/v2\/posts\/19771\/revisions"}],"predecessor-version":[{"id":19773,"href":"https:\/\/cronicadesoledad.com\/index.php\/wp-json\/wp\/v2\/posts\/19771\/revisions\/19773"}],"wp:featuredmedia":[{"embeddable":true,"href":"https:\/\/cronicadesoledad.com\/index.php\/wp-json\/wp\/v2\/media\/19772"}],"wp:attachment":[{"href":"https:\/\/cronicadesoledad.com\/index.php\/wp-json\/wp\/v2\/media?parent=19771"}],"wp:term":[{"taxonomy":"category","embeddable":true,"href":"https:\/\/cronicadesoledad.com\/index.php\/wp-json\/wp\/v2\/categories?post=19771"},{"taxonomy":"post_tag","embeddable":true,"href":"https:\/\/cronicadesoledad.com\/index.php\/wp-json\/wp\/v2\/tags?post=19771"}],"curies":[{"name":"wp","href":"https:\/\/api.w.org\/{rel}","templated":true}]}}