{"id":19774,"date":"2025-06-08T14:30:00","date_gmt":"2025-06-08T20:30:00","guid":{"rendered":"https:\/\/cronicadesoledad.com\/?p=19774"},"modified":"2025-06-08T13:59:36","modified_gmt":"2025-06-08T19:59:36","slug":"detienen-a-joven-en-soledad-por-portacion-de-arma-prohibida","status":"publish","type":"post","link":"https:\/\/cronicadesoledad.com\/index.php\/2025\/06\/08\/detienen-a-joven-en-soledad-por-portacion-de-arma-prohibida\/","title":{"rendered":"Detienen a joven en Soledad por portaci\u00f3n de arma prohibida"},"content":{"rendered":"\n<p>Un joven de 19 a\u00f1os fue detenido por elementos de la Guardia Civil Municipal tras ser acusado de amenazar a un ciudadano y portar un arma blanca en la colonia San Jorge.<\/p>\n\n\n\n<p>De acuerdo con el reporte oficial, la detenci\u00f3n ocurri\u00f3 luego de que se recibiera una solicitud de auxilio a trav\u00e9s de las l\u00edneas de atenci\u00f3n directa de la corporaci\u00f3n. El incidente se registr\u00f3 sobre la avenida Acceso Norte, donde un individuo fue se\u00f1alado por presuntamente amedrentar a una persona en la v\u00eda p\u00fablica.<\/p>\n\n\n\n<p>Al llegar al lugar, los agentes localizaron al sujeto, quien mostr\u00f3 una actitud agresiva durante la inspecci\u00f3n preventiva. En la revisi\u00f3n, los oficiales le aseguraron un objeto punzocortante con caracter\u00edsticas similares a un cuchillo.<\/p>\n\n\n\n<p>El individuo fue informado de sus derechos y trasladado a las instalaciones de Barandilla Municipal para su certificaci\u00f3n m\u00e9dica. Posteriormente, fue puesto a disposici\u00f3n de la fiscal\u00eda general del Estado de San Luis Potos\u00ed (FGESLP), donde se determinar\u00e1 su situaci\u00f3n legal.<\/p>\n","protected":false},"excerpt":{"rendered":"<p>Un joven de 19 a\u00f1os fue detenido por elementos de la Guardia Civil Municipal tras ser acusado de amenazar a un ciudadano y portar un arma blanca en la colonia San Jorge. De acuerdo con el reporte oficial, la detenci\u00f3n ocurri\u00f3 luego de que se recibiera una solicitud de auxilio a trav\u00e9s de las l\u00edneas [&hellip;]<\/p>\n","protected":false},"author":1,"featured_media":19775,"comment_status":"open","ping_status":"open","sticky":false,"template":"","format":"standard","meta":{"footnotes":""},"categories":[24,19,21],"tags":[2483,4434,276,261,27],"class_list":{"0":"post-19774","1":"post","2":"type-post","3":"status-publish","4":"format-standard","5":"has-post-thumbnail","7":"category-informacion-general","8":"category-seguridad","9":"category-tu-soledad","10":"tag-guardia-civil-municipal","11":"tag-joven-detenido","12":"tag-seguridad","13":"tag-slp","14":"tag-soledad"},"_links":{"self":[{"href":"https:\/\/cronicadesoledad.com\/index.php\/wp-json\/wp\/v2\/posts\/19774","targetHints":{"allow":["GET"]}}],"collection":[{"href":"https:\/\/cronicadesoledad.com\/index.php\/wp-json\/wp\/v2\/posts"}],"about":[{"href":"https:\/\/cronicadesoledad.com\/index.php\/wp-json\/wp\/v2\/types\/post"}],"author":[{"embeddable":true,"href":"https:\/\/cronicadesoledad.com\/index.php\/wp-json\/wp\/v2\/users\/1"}],"replies":[{"embeddable":true,"href":"https:\/\/cronicadesoledad.com\/index.php\/wp-json\/wp\/v2\/comments?post=19774"}],"version-history":[{"count":1,"href":"https:\/\/cronicadesoledad.com\/index.php\/wp-json\/wp\/v2\/posts\/19774\/revisions"}],"predecessor-version":[{"id":19776,"href":"https:\/\/cronicadesoledad.com\/index.php\/wp-json\/wp\/v2\/posts\/19774\/revisions\/19776"}],"wp:featuredmedia":[{"embeddable":true,"href":"https:\/\/cronicadesoledad.com\/index.php\/wp-json\/wp\/v2\/media\/19775"}],"wp:attachment":[{"href":"https:\/\/cronicadesoledad.com\/index.php\/wp-json\/wp\/v2\/media?parent=19774"}],"wp:term":[{"taxonomy":"category","embeddable":true,"href":"https:\/\/cronicadesoledad.com\/index.php\/wp-json\/wp\/v2\/categories?post=19774"},{"taxonomy":"post_tag","embeddable":true,"href":"https:\/\/cronicadesoledad.com\/index.php\/wp-json\/wp\/v2\/tags?post=19774"}],"curies":[{"name":"wp","href":"https:\/\/api.w.org\/{rel}","templated":true}]}}