{"id":19780,"date":"2025-06-09T03:06:00","date_gmt":"2025-06-09T09:06:00","guid":{"rendered":"https:\/\/cronicadesoledad.com\/?p=19780"},"modified":"2025-06-09T01:27:38","modified_gmt":"2025-06-09T07:27:38","slug":"lanzan-campamento-infantil-en-villa-de-pozos","status":"publish","type":"post","link":"https:\/\/cronicadesoledad.com\/index.php\/2025\/06\/09\/lanzan-campamento-infantil-en-villa-de-pozos\/","title":{"rendered":"Infantes disfrutar\u00e1n de campamentos de verano"},"content":{"rendered":"\n<p>El Gobierno de Villa de Pozos, a trav\u00e9s de la Direcci\u00f3n de Deporte, iniciar\u00e1 el Primer Campamento Deportivo Infantil de Verano, que se llevar\u00e1 a cabo en la Unidad Deportiva Villas del Sol dise\u00f1ado para estimular el desarrollo de habilidades motrices y sociales en ni\u00f1as y ni\u00f1os de la localidad durante el periodo vacacional en coordinaci\u00f3n con la Universidad Tecnol\u00f3gica Metropolitana (UTM), lo garantizar\u00e1 una oferta educativa y deportiva de calidad, bajo la gu\u00eda de entrenadores capacitados y comprometidos con el bienestar infantil.<\/p>\n\n\n\n<p>El director de Deporte, Ren\u00e9 Guerrero Salas, se\u00f1al\u00f3 que el objetivo principal del campamento es fomentar el desarrollo f\u00edsico y promover valores fundamentales entre los m\u00e1s peque\u00f1os, en un entorno recreativo y formativo que les permita crecer de manera integral.<\/p>\n\n\n\n<p>Como parte del programa de verano infantil, del 21 de julio al 8 de agosto se desarrollar\u00e1 un campamento en las instalaciones de la Unidad Deportiva Las Cruces, ubicada en la calle Jos\u00e9 Ciriaco Cruz n\u00famero 408, en el Cuartel Las Cruces con la finalidad de brindar a ni\u00f1as y ni\u00f1os un espacio seguro y recreativo durante el periodo vacacional y fomentar el desarrollo f\u00edsico, social y emocional a trav\u00e9s de actividades deportivas.<\/p>\n\n\n\n<p>Guerrero Salas, inform\u00f3 que el programa incluir\u00e1 disciplinas como atletismo, gimnasia, f\u00fatbol, b\u00e1squetbol, ritmos y muchas otras actividades pensadas para el disfrute y formaci\u00f3n integral de las y los participantes, con un costo de recuperaci\u00f3n de 300 pesos y para realizar el registro, los interesados deber\u00e1n presentar copia del acta de nacimiento del menor, comprobante de domicilio, n\u00famero telef\u00f3nico del menor o del tutor, dos fotograf\u00edas tama\u00f1o infantil a color, certificado m\u00e9dico reciente y especificar si el menor tiene alguna discapacidad, con el fin de asegurar una atenci\u00f3n adecuada e inclusiva durante el desarrollo del curso.<\/p>\n\n\n\n<p><\/p>\n","protected":false},"excerpt":{"rendered":"<p>El Gobierno de Villa de Pozos, a trav\u00e9s de la Direcci\u00f3n de Deporte, iniciar\u00e1 el Primer Campamento Deportivo Infantil de Verano, que se llevar\u00e1 a cabo en la Unidad Deportiva Villas del Sol dise\u00f1ado para estimular el desarrollo de habilidades motrices y sociales en ni\u00f1as y ni\u00f1os de la localidad durante el periodo vacacional en [&hellip;]<\/p>\n","protected":false},"author":1,"featured_media":19817,"comment_status":"open","ping_status":"open","sticky":false,"template":"","format":"standard","meta":{"footnotes":""},"categories":[1,24,3175],"tags":[2187,294,261,1068],"class_list":{"0":"post-19780","1":"post","2":"type-post","3":"status-publish","4":"format-standard","5":"has-post-thumbnail","7":"category-destacadas","8":"category-informacion-general","9":"category-pozos","10":"tag-campamento-de-verano","11":"tag-san-luis","12":"tag-slp","13":"tag-villa-de-pozos"},"_links":{"self":[{"href":"https:\/\/cronicadesoledad.com\/index.php\/wp-json\/wp\/v2\/posts\/19780","targetHints":{"allow":["GET"]}}],"collection":[{"href":"https:\/\/cronicadesoledad.com\/index.php\/wp-json\/wp\/v2\/posts"}],"about":[{"href":"https:\/\/cronicadesoledad.com\/index.php\/wp-json\/wp\/v2\/types\/post"}],"author":[{"embeddable":true,"href":"https:\/\/cronicadesoledad.com\/index.php\/wp-json\/wp\/v2\/users\/1"}],"replies":[{"embeddable":true,"href":"https:\/\/cronicadesoledad.com\/index.php\/wp-json\/wp\/v2\/comments?post=19780"}],"version-history":[{"count":2,"href":"https:\/\/cronicadesoledad.com\/index.php\/wp-json\/wp\/v2\/posts\/19780\/revisions"}],"predecessor-version":[{"id":19819,"href":"https:\/\/cronicadesoledad.com\/index.php\/wp-json\/wp\/v2\/posts\/19780\/revisions\/19819"}],"wp:featuredmedia":[{"embeddable":true,"href":"https:\/\/cronicadesoledad.com\/index.php\/wp-json\/wp\/v2\/media\/19817"}],"wp:attachment":[{"href":"https:\/\/cronicadesoledad.com\/index.php\/wp-json\/wp\/v2\/media?parent=19780"}],"wp:term":[{"taxonomy":"category","embeddable":true,"href":"https:\/\/cronicadesoledad.com\/index.php\/wp-json\/wp\/v2\/categories?post=19780"},{"taxonomy":"post_tag","embeddable":true,"href":"https:\/\/cronicadesoledad.com\/index.php\/wp-json\/wp\/v2\/tags?post=19780"}],"curies":[{"name":"wp","href":"https:\/\/api.w.org\/{rel}","templated":true}]}}