{"id":19783,"date":"2025-06-08T16:00:00","date_gmt":"2025-06-08T22:00:00","guid":{"rendered":"https:\/\/cronicadesoledad.com\/?p=19783"},"modified":"2025-06-08T14:21:14","modified_gmt":"2025-06-08T20:21:14","slug":"planean-rehabilitar-el-antiguo-rastro-municipal-en-pozos","status":"publish","type":"post","link":"https:\/\/cronicadesoledad.com\/index.php\/2025\/06\/08\/planean-rehabilitar-el-antiguo-rastro-municipal-en-pozos\/","title":{"rendered":"Planean rehabilitar el antiguo rastro municipal en Pozos"},"content":{"rendered":"\n<p>El Gobierno de Villa de Pozos eval\u00faa un proyecto para rehabilitar las instalaciones del antiguo rastro municipal, con el objetivo de recuperar un espacio que permanece en abandono desde hace varios a\u00f1os y mejorar la infraestructura de la zona.<\/p>\n\n\n\n<p>De acuerdo con Jos\u00e9 Antonio Rodr\u00edguez Rangel, titular de la Direcci\u00f3n de Infraestructura y Fortalecimiento Municipal, se contemplan distintas opciones para reutilizar el inmueble, entre ellas la instalaci\u00f3n de oficinas municipales o la creaci\u00f3n de un estacionamiento que beneficie a los comercios aleda\u00f1os.<\/p>\n\n\n\n<p>El funcionario explic\u00f3 que el proyecto se encuentra en fase de an\u00e1lisis t\u00e9cnico y operativo, y podr\u00eda comenzar este mismo a\u00f1o o en su caso, en 2026. La decisi\u00f3n, dijo, responde a una instrucci\u00f3n directa de la presidenta concejal Teresa Rivera Acevedo, como parte de una estrategia para rescatar espacios p\u00fablicos en desuso.<\/p>\n\n\n\n<p>El prop\u00f3sito principal es dotar de funcionalidad al predio, devolverle seguridad a la zona y generar condiciones m\u00e1s favorables para quienes transitan o laboran en el sector.<\/p>\n\n\n\n<p>La intervenci\u00f3n forma parte de los esfuerzos del gobierno municipal por mejorar el entorno urbano y atender las necesidades de la poblaci\u00f3n en materia de infraestructura.<\/p>\n","protected":false},"excerpt":{"rendered":"<p>El Gobierno de Villa de Pozos eval\u00faa un proyecto para rehabilitar las instalaciones del antiguo rastro municipal, con el objetivo de recuperar un espacio que permanece en abandono desde hace varios a\u00f1os y mejorar la infraestructura de la zona. De acuerdo con Jos\u00e9 Antonio Rodr\u00edguez Rangel, titular de la Direcci\u00f3n de Infraestructura y Fortalecimiento Municipal, [&hellip;]<\/p>\n","protected":false},"author":1,"featured_media":19784,"comment_status":"open","ping_status":"open","sticky":false,"template":"","format":"standard","meta":{"footnotes":""},"categories":[24,3175],"tags":[999,2942,261,1068],"class_list":{"0":"post-19783","1":"post","2":"type-post","3":"status-publish","4":"format-standard","5":"has-post-thumbnail","7":"category-informacion-general","8":"category-pozos","9":"tag-rastro-municipal","10":"tag-rehabilitacion-2","11":"tag-slp","12":"tag-villa-de-pozos"},"_links":{"self":[{"href":"https:\/\/cronicadesoledad.com\/index.php\/wp-json\/wp\/v2\/posts\/19783","targetHints":{"allow":["GET"]}}],"collection":[{"href":"https:\/\/cronicadesoledad.com\/index.php\/wp-json\/wp\/v2\/posts"}],"about":[{"href":"https:\/\/cronicadesoledad.com\/index.php\/wp-json\/wp\/v2\/types\/post"}],"author":[{"embeddable":true,"href":"https:\/\/cronicadesoledad.com\/index.php\/wp-json\/wp\/v2\/users\/1"}],"replies":[{"embeddable":true,"href":"https:\/\/cronicadesoledad.com\/index.php\/wp-json\/wp\/v2\/comments?post=19783"}],"version-history":[{"count":1,"href":"https:\/\/cronicadesoledad.com\/index.php\/wp-json\/wp\/v2\/posts\/19783\/revisions"}],"predecessor-version":[{"id":19785,"href":"https:\/\/cronicadesoledad.com\/index.php\/wp-json\/wp\/v2\/posts\/19783\/revisions\/19785"}],"wp:featuredmedia":[{"embeddable":true,"href":"https:\/\/cronicadesoledad.com\/index.php\/wp-json\/wp\/v2\/media\/19784"}],"wp:attachment":[{"href":"https:\/\/cronicadesoledad.com\/index.php\/wp-json\/wp\/v2\/media?parent=19783"}],"wp:term":[{"taxonomy":"category","embeddable":true,"href":"https:\/\/cronicadesoledad.com\/index.php\/wp-json\/wp\/v2\/categories?post=19783"},{"taxonomy":"post_tag","embeddable":true,"href":"https:\/\/cronicadesoledad.com\/index.php\/wp-json\/wp\/v2\/tags?post=19783"}],"curies":[{"name":"wp","href":"https:\/\/api.w.org\/{rel}","templated":true}]}}