{"id":19801,"date":"2025-06-09T03:00:00","date_gmt":"2025-06-09T09:00:00","guid":{"rendered":"https:\/\/cronicadesoledad.com\/?p=19801"},"modified":"2025-06-09T01:12:07","modified_gmt":"2025-06-09T07:12:07","slug":"5ta-jornada-radiofonica-mes-del-orgullo","status":"publish","type":"post","link":"https:\/\/cronicadesoledad.com\/index.php\/2025\/06\/09\/5ta-jornada-radiofonica-mes-del-orgullo\/","title":{"rendered":"5ta Jornada Radiof\u00f3nica \u201cMes del Orgullo\u201d"},"content":{"rendered":"\n<p>La Universidad Aut\u00f3noma de San Luis Potos\u00ed (UASLP), a trav\u00e9s de la Direcci\u00f3n de Radio y Televisi\u00f3n, presenta la 5ta Jornada Radiof\u00f3nica \u201cMes del Orgullo\u201d, un proyecto que busca visibilizar las m\u00faltiples realidades que vive la comunidad LGBTTTIQ+.<\/p>\n\n\n\n<p>La programaci\u00f3n especial se transmitir\u00e1 durante todo el mes de junio y estar\u00e1 integrada por 16 producciones, con la participaci\u00f3n de productoras y productores de Radio UASLP, docentes, estudiantes, colectivos de la comunidad y personas aliadas al movimiento. Este a\u00f1o se incorporan contenidos del Instituto Latinoamericano de Comunicaci\u00f3n Educativa (ILCE), en colaboraci\u00f3n con la Red de Radios Universitarias.<\/p>\n\n\n\n<p>Lalo Ornelas contin\u00faa con su serie \u201cRevoluciones\u201d y presenta en esta edici\u00f3n el programa \u201cLibertad en la pista\u201d, dedicado a la m\u00fasica disco como expresi\u00f3n cultural profundamente ligada a la afirmaci\u00f3n de identidades marginadas y su derecho a expresarse. Se transmitir\u00e1 el domingo 8 de junio a las 18:00 horas.<\/p>\n\n\n\n<p>El programa \u201cMundo Geek\u201d abordar\u00e1 el tema \u201cH\u00e9roes y Hero\u00ednas\u201d, enfocado en la representaci\u00f3n de personajes LGBTIQ+ en la cultura pop y su impacto en la televisi\u00f3n, los videojuegos, los c\u00f3mics, el cine y otros fen\u00f3menos contempor\u00e1neos. Es una celebraci\u00f3n de las historias que han contribuido a crear universos m\u00e1s abiertos, sensibles e inclusivos. Ser\u00e1 conducido por Nico Hern\u00e1ndez y contar\u00e1 con la participaci\u00f3n de Kary Cosp, Giga Max y Annie Puente, el martes 10 de junio a las 17:00 horas.<\/p>\n\n\n\n<p>El Instituto Latinoamericano de Comunicaci\u00f3n Educativa, como parte de la Red de Radios Universitarias en M\u00e9xico, presenta dos episodios especiales. El primero, titulado \u201c\u00bfApoco s\u00ed? Ep. 1\u201d, con Abril, Annel y Evan, explorar\u00e1 el significado de las siglas LGBTQ+ y la importancia del signo de m\u00e1s. Se transmitir\u00e1 el mi\u00e9rcoles 4 de junio a las 15:00 horas. El segundo episodio, \u201c\u00bfApoco s\u00ed? Ep. 2 \u2013 El viaje de Rene\u00e9\u201d, ofrecer\u00e1 un testimonio \u00edntimo sobre el proceso de aceptaci\u00f3n y transici\u00f3n de g\u00e9nero, y podr\u00e1 escucharse el mi\u00e9rcoles 11 de junio a las 15:00 horas. Ambas emisiones ser\u00e1n transmitidas simult\u00e1neamente por Radio ILCE en www.ilce.edu.mx.<\/p>\n\n\n\n<p>Radio y Televisi\u00f3n UASLP tambi\u00e9n retransmitir\u00e1 algunos programas que siguen siendo actuales y relevantes. El viernes 6 de junio a las 21:00 horas se podr\u00e1 escuchar \u201cMatrimonios igualitarios\u201d del programa \u201cAchis achis los mariachis\u201d, con Chuy Monsiv\u00e1is y Poncho M\u00e9ndez. El viernes 13 de junio, a la misma hora, se transmitir\u00e1 \u201cLos 41\u201d con Israel Trejo, del COLSAN. Finalmente, \u201cLa jaula de las locas\u201d con Mart\u00edn Ortiz ser\u00e1 emitido el viernes 27 de junio a las 21:00 horas.<\/p>\n\n\n\n<p>La Secretar\u00eda de Difusi\u00f3n Cultural de la UASLP, a trav\u00e9s de Pride 2025, presenta \u201cTransversidad\u201d, una entrevista realizada por L\u00eda Fernanda Carrillo, egresada de la Facultad de Ciencias Sociales y Humanidades, a la Dra. Daniela Mu\u00f1oz, experta en salud transexual. La conversaci\u00f3n abordar\u00e1 los m\u00faltiples retos que enfrenta la comunidad trans en la actualidad y su inclusi\u00f3n en las pol\u00edticas de salud p\u00fablica. La emisi\u00f3n est\u00e1 programada para el mi\u00e9rcoles 18 de junio a las 15:00 horas.<\/p>\n\n\n\n<p>Erika Aguilar, en su programa \u201cAqu\u00ed y Ahora\u201d, presenta \u201cM\u00e1s all\u00e1 del prisma\u201d, una entrevista con la psicoterapeuta Yocelyn Mart\u00ednez en la que se analizan las complejidades que afectan la salud mental de la comunidad, as\u00ed como la influencia de la identidad, la orientaci\u00f3n sexual y la expresi\u00f3n de g\u00e9nero en el bienestar psicol\u00f3gico. El programa busca visibilizar los desaf\u00edos, pero tambi\u00e9n resaltar la resiliencia y las estrategias para una vida plena. Se transmitir\u00e1 el jueves 19 de junio a las 12:00 horas.<\/p>\n\n\n\n<p>El programa \u201cEl Desayuno\u201d ofrecer\u00e1 \u201cAl comp\u00e1s del reloj\u2026\u201d, t\u00edtulo inspirado en el poeta Carlos Pellicer, en el que se hace un recorrido por las contribuciones de grandes figuras del arte bajo el arco\u00edris, en disciplinas como el teatro, la literatura, las artes pl\u00e1sticas y el cine. Participan \u00d3scar Montero, Cynthia Valle, Vanessa Cort\u00e9s y Ed\u00e9n Coronado. La cita es el viernes 20 de junio a las 08:00 horas.<\/p>\n\n\n\n<p>Desde la barra musical, \u201cPoderosas\u201d presentar\u00e1 dos emisiones. La primera, \u201cBaila sin filtros\u201d, mostrar\u00e1 melod\u00edas que han marcado tendencia junto a nuevas voces LGBT+ de la escena latinoamericana como Ruzzi, Javiera Mena, Vanessa Zamora, Rosas, Esteman y J\u00f3sean Log, con g\u00e9neros que van del folk al trap. Se emitir\u00e1 el domingo 15 de junio a las 14:00 horas. La segunda, \u201cVoces LGBT+\u201d, destacar\u00e1 artistas internacionales como Chappell Roan, Omar Apollo, Troye Sivan, Rina Sawayama y Romy, y se transmitir\u00e1 el domingo 22 de junio a las 14:00 horas.<\/p>\n\n\n\n<p>El programa \u201cBibli\u00f3filos\u201d presentar\u00e1 \u201cAula libre, inclusi\u00f3n y cambio\u201d, donde Erick Guerrero y su equipo reflexionan sobre la importancia de construir entornos educativos m\u00e1s inclusivos, basados en el respeto, la equidad y la diversidad. Contar\u00e1n con la participaci\u00f3n de la Mtra. Luc\u00eda Alejandra Rocha Ortega. La emisi\u00f3n est\u00e1 programada para el mi\u00e9rcoles 25 de junio a las 12:00 horas.<\/p>\n\n\n\n<p>\u201cB\u00fanker\u201d, con Chack Silva, compartir\u00e1 el audiocuento \u201cCantidades\u201d, una historia sensible y aut\u00e9ntica donde el amor nace desde la distancia, la belleza y la vulnerabilidad. La cita es el s\u00e1bado 28 de junio a las 20:00 horas.<\/p>\n\n\n\n<p>Ese mismo d\u00eda, a las 17:00 horas, el grupo teatral Las Princetz rendir\u00e1 un emotivo homenaje titulado \u201cEl brillo de Yaz\u201d, dedicado a la vida y legado de Javier Adri\u00e1n Alonso M\u00e1rquez, una figura inolvidable en San Luis Potos\u00ed. A trav\u00e9s de testimonios de colegas, amistades y admiradores, se revivir\u00e1n sus momentos m\u00e1s ic\u00f3nicos, aquellos que provocaron risas, l\u00e1grimas y sue\u00f1os.<\/p>\n\n\n\n<p>Los contenidos se transmitir\u00e1n a trav\u00e9s de las frecuencias universitarias 88.5 FM, 1190 AM en San Luis Potos\u00ed y 91.9 en Matehuala, adem\u00e1s de radio online en https:\/\/radioytelevision.uaslp.mx\/ y en el sistema podcast en https:\/\/spoti.fi\/3DOfboZ. Radio y TV invita a toda la comunidad universitaria y en general a participar activamente en los programas a trav\u00e9s de diferentes medios: tel\u00e9fono en cabina 444 8 26 13 47 Y 48. Consulta las redes oficiales en el sitio web: www.radioytelevisi\u00f3nuaslp.mx, y en las redes sociales @RadioyTVUASLP.<\/p>\n","protected":false},"excerpt":{"rendered":"<p>La Universidad Aut\u00f3noma de San Luis Potos\u00ed (UASLP), a trav\u00e9s de la Direcci\u00f3n de Radio y Televisi\u00f3n, presenta la 5ta Jornada Radiof\u00f3nica \u201cMes del Orgullo\u201d, un proyecto que busca visibilizar las m\u00faltiples realidades que vive la comunidad LGBTTTIQ+. La programaci\u00f3n especial se transmitir\u00e1 durante todo el mes de junio y estar\u00e1 integrada por 16 producciones, [&hellip;]<\/p>\n","protected":false},"author":2,"featured_media":19802,"comment_status":"open","ping_status":"open","sticky":false,"template":"","format":"standard","meta":{"footnotes":""},"categories":[1,24,21],"tags":[2347,294,261,27,150],"class_list":{"0":"post-19801","1":"post","2":"type-post","3":"status-publish","4":"format-standard","5":"has-post-thumbnail","7":"category-destacadas","8":"category-informacion-general","9":"category-tu-soledad","10":"tag-mes-del-orgullo","11":"tag-san-luis","12":"tag-slp","13":"tag-soledad","14":"tag-uaslp"},"_links":{"self":[{"href":"https:\/\/cronicadesoledad.com\/index.php\/wp-json\/wp\/v2\/posts\/19801","targetHints":{"allow":["GET"]}}],"collection":[{"href":"https:\/\/cronicadesoledad.com\/index.php\/wp-json\/wp\/v2\/posts"}],"about":[{"href":"https:\/\/cronicadesoledad.com\/index.php\/wp-json\/wp\/v2\/types\/post"}],"author":[{"embeddable":true,"href":"https:\/\/cronicadesoledad.com\/index.php\/wp-json\/wp\/v2\/users\/2"}],"replies":[{"embeddable":true,"href":"https:\/\/cronicadesoledad.com\/index.php\/wp-json\/wp\/v2\/comments?post=19801"}],"version-history":[{"count":1,"href":"https:\/\/cronicadesoledad.com\/index.php\/wp-json\/wp\/v2\/posts\/19801\/revisions"}],"predecessor-version":[{"id":19803,"href":"https:\/\/cronicadesoledad.com\/index.php\/wp-json\/wp\/v2\/posts\/19801\/revisions\/19803"}],"wp:featuredmedia":[{"embeddable":true,"href":"https:\/\/cronicadesoledad.com\/index.php\/wp-json\/wp\/v2\/media\/19802"}],"wp:attachment":[{"href":"https:\/\/cronicadesoledad.com\/index.php\/wp-json\/wp\/v2\/media?parent=19801"}],"wp:term":[{"taxonomy":"category","embeddable":true,"href":"https:\/\/cronicadesoledad.com\/index.php\/wp-json\/wp\/v2\/categories?post=19801"},{"taxonomy":"post_tag","embeddable":true,"href":"https:\/\/cronicadesoledad.com\/index.php\/wp-json\/wp\/v2\/tags?post=19801"}],"curies":[{"name":"wp","href":"https:\/\/api.w.org\/{rel}","templated":true}]}}