{"id":19820,"date":"2025-06-09T03:07:00","date_gmt":"2025-06-09T09:07:00","guid":{"rendered":"https:\/\/cronicadesoledad.com\/?p=19820"},"modified":"2025-06-09T01:31:24","modified_gmt":"2025-06-09T07:31:24","slug":"refuerzan-medidas-ante-temporada-de-lluvias-y-ciclones","status":"publish","type":"post","link":"https:\/\/cronicadesoledad.com\/index.php\/2025\/06\/09\/refuerzan-medidas-ante-temporada-de-lluvias-y-ciclones\/","title":{"rendered":"Refuerzan medidas ante temporada de lluvias y ciclones"},"content":{"rendered":"\n<p>Ante el inicio de la temporada de lluvias y ciclones 2025, el gobernador Ricardo Gallardo Cardona encabez\u00f3 una reuni\u00f3n con los 59 alcaldes municipales, Protecci\u00f3n Civil, Conagua y la Sedena, para articular una estrategia preventiva integral, con el objetivo de proteger el patrimonio y la seguridad de las familias potosinas.<\/p>\n\n\n\n<p>El mandatario estatal enfatiz\u00f3 la urgencia de realizar limpiezas, desazolves y mantenimiento constante de drenajes pluviales y colectores, especialmente en colonias bajas, cuencas naturales y lugares propensos a inundaciones, con maquinaria, tecnolog\u00eda y personal especializado otorgados por el gobierno estatal. Asimismo, inst\u00f3 a todos los ayuntamientos a dise\u00f1ar rutas y puntos de atenci\u00f3n r\u00e1pida en zonas de riesgo.<\/p>\n\n\n\n<p>Conagua, a trav\u00e9s de su oficina local, alert\u00f3 que se prev\u00e9n entre 16 y 20 ciclones en el Pac\u00edfico y de 13 a 17 en el Atl\u00e1ntico, para un total de hasta 37 fen\u00f3menos meteorol\u00f3gicos. Este organismo tambi\u00e9n pidi\u00f3 inspeccionar presas, bordos y embalses que pudieran desbordarse, revisar compuertas y v\u00e1lvulas, despejar canales y realizar descargas controladas cuando los niveles de agua sean elevados.<\/p>\n\n\n\n<p>Como parte del plan de trabajos preventivos, la Secretar\u00eda de Desarrollo Agropecuario y Recursos Hidr\u00e1ulicos (Sedarh) ya concluy\u00f3 la reconstrucci\u00f3n y limpieza de bordos de abrevadero en zonas rurales. Protecci\u00f3n Civil estatal tambi\u00e9n culmin\u00f3 los atlas de riesgo y promovi\u00f3 jornadas de sensibilizaci\u00f3n comunitaria con las autoridades municipales. Seg\u00fan Loreto Medina, directora de Protecci\u00f3n Civil SLP, estas acciones buscan anticiparse a emergencias y fomentar la cultura de prevenci\u00f3n.<\/p>\n\n\n\n<p>Gallardo Cardona agreg\u00f3 que el estado apoyar\u00e1 la instalaci\u00f3n de albergues temporales en municipios con atenci\u00f3n m\u00e9dica, alimentos y servicios b\u00e1sicos. Hizo \u00e9nfasis en la cooperaci\u00f3n sin l\u00edmites entre estado y ayuntamientos para reforzar la respuesta ante cualquier emergencia.<\/p>\n\n\n\n<p>El Sol de San Luis reporta que junio ha iniciado con lluvias por encima del promedio en la entidad, con un super\u00e1vit de hasta 12 mil\u00edmetros respecto a a\u00f1os anteriores, y dos ciclones ya impactan parcialmente en el estado. Estos datos refuerzan la importancia de no bajar la guardia y acelerar las tareas preventivas.<\/p>\n\n\n\n<p>De octubre a mayo, m\u00e1s del 70\u202f% del territorio nacional enfrentaba sequ\u00eda, situaci\u00f3n que tambi\u00e9n afecta a San\u202fLuis\u202fPotos\u00ed, donde el estr\u00e9s h\u00eddrico limita la respuesta ante lluvias intensas. Por ello, una gesti\u00f3n integral debe equilibrar ambos extremos: sequ\u00eda e inundaciones.<\/p>\n\n\n\n<p>Con este panorama h\u00eddrico complejo, el plan estatal de protecci\u00f3n clim\u00e1tica apunta a combinar medidas estructurales, operativas y sociales, alineadas con los programas nacionales de Conagua y Protecci\u00f3n Civil. El objetivo es reforzar la capacidad de reacci\u00f3n ante eventos hidrometeorol\u00f3gicos que podr\u00edan afectar tanto la infraestructura urbana como las zonas rurales de la entidad.<\/p>\n","protected":false},"excerpt":{"rendered":"<p>Ante el inicio de la temporada de lluvias y ciclones 2025, el gobernador Ricardo Gallardo Cardona encabez\u00f3 una reuni\u00f3n con los 59 alcaldes municipales, Protecci\u00f3n Civil, Conagua y la Sedena, para articular una estrategia preventiva integral, con el objetivo de proteger el patrimonio y la seguridad de las familias potosinas. El mandatario estatal enfatiz\u00f3 la [&hellip;]<\/p>\n","protected":false},"author":2,"featured_media":19821,"comment_status":"open","ping_status":"open","sticky":false,"template":"","format":"standard","meta":{"footnotes":""},"categories":[1,24,3080],"tags":[4409,1158,346,294,261,27],"class_list":{"0":"post-19820","1":"post","2":"type-post","3":"status-publish","4":"format-standard","5":"has-post-thumbnail","7":"category-destacadas","8":"category-informacion-general","9":"category-slp","10":"tag-ciclones","11":"tag-gobierno-del-estado","12":"tag-lluvias","13":"tag-san-luis","14":"tag-slp","15":"tag-soledad"},"_links":{"self":[{"href":"https:\/\/cronicadesoledad.com\/index.php\/wp-json\/wp\/v2\/posts\/19820","targetHints":{"allow":["GET"]}}],"collection":[{"href":"https:\/\/cronicadesoledad.com\/index.php\/wp-json\/wp\/v2\/posts"}],"about":[{"href":"https:\/\/cronicadesoledad.com\/index.php\/wp-json\/wp\/v2\/types\/post"}],"author":[{"embeddable":true,"href":"https:\/\/cronicadesoledad.com\/index.php\/wp-json\/wp\/v2\/users\/2"}],"replies":[{"embeddable":true,"href":"https:\/\/cronicadesoledad.com\/index.php\/wp-json\/wp\/v2\/comments?post=19820"}],"version-history":[{"count":1,"href":"https:\/\/cronicadesoledad.com\/index.php\/wp-json\/wp\/v2\/posts\/19820\/revisions"}],"predecessor-version":[{"id":19822,"href":"https:\/\/cronicadesoledad.com\/index.php\/wp-json\/wp\/v2\/posts\/19820\/revisions\/19822"}],"wp:featuredmedia":[{"embeddable":true,"href":"https:\/\/cronicadesoledad.com\/index.php\/wp-json\/wp\/v2\/media\/19821"}],"wp:attachment":[{"href":"https:\/\/cronicadesoledad.com\/index.php\/wp-json\/wp\/v2\/media?parent=19820"}],"wp:term":[{"taxonomy":"category","embeddable":true,"href":"https:\/\/cronicadesoledad.com\/index.php\/wp-json\/wp\/v2\/categories?post=19820"},{"taxonomy":"post_tag","embeddable":true,"href":"https:\/\/cronicadesoledad.com\/index.php\/wp-json\/wp\/v2\/tags?post=19820"}],"curies":[{"name":"wp","href":"https:\/\/api.w.org\/{rel}","templated":true}]}}