{"id":19830,"date":"2025-06-09T03:10:00","date_gmt":"2025-06-09T09:10:00","guid":{"rendered":"https:\/\/cronicadesoledad.com\/?p=19830"},"modified":"2025-06-09T01:39:22","modified_gmt":"2025-06-09T07:39:22","slug":"nuevo-poder-judicial-con-liderazgo-femenino","status":"publish","type":"post","link":"https:\/\/cronicadesoledad.com\/index.php\/2025\/06\/09\/nuevo-poder-judicial-con-liderazgo-femenino\/","title":{"rendered":"Nuevo Poder Judicial con liderazgo femenino"},"content":{"rendered":"\n<p>Tras concluir el c\u00f3mputo oficial del CEEPAC, los 15 magistrados electos del Supremo Tribunal de Justicia del Estado confirmaron en rueda de prensa que Lourdes Anah\u00ed Zaraz\u00faa Mart\u00ednez ser\u00e1 designada como presidenta del Poder Judicial, al obtener la mayor\u00eda de votos en la elecci\u00f3n interna celebrada el pasado 1 de junio.<\/p>\n\n\n\n<p>Durante el encuentro con medios, encabezado por el actual magistrado presidente Arturo Morales Silva, los nuevos integrantes del Tribunal lanzaron un mensaje de certidumbre institucional y compromiso con la justicia en San Luis Potos\u00ed. Zaraz\u00faa, quien asumir\u00e1 el cargo por un periodo de dos a\u00f1os sin opci\u00f3n a reelecci\u00f3n, agradeci\u00f3 el respaldo recibido y prometi\u00f3 una administraci\u00f3n cercana, independiente y con enfoque en derechos humanos.<\/p>\n\n\n\n<p>Los nuevos magistrados, quienes tomar\u00e1n posesi\u00f3n en septiembre, aseguraron que no habr\u00e1 cambios dr\u00e1sticos en el funcionamiento del Poder Judicial. Garantizaron respeto a los derechos laborales del personal y anunciaron una entrega-recepci\u00f3n global que abarcar\u00e1 todas las \u00e1reas administrativas y jurisdiccionales, con \u00e9nfasis en mantener la operatividad y la estabilidad de la instituci\u00f3n.<\/p>\n\n\n\n<p>El nuevo pleno estar\u00e1 integrado por ocho mujeres y siete hombres. Entre las magistradas se encuentran Lourdes Anah\u00ed Zaraz\u00faa, Juana Mar\u00eda Alfaro y Roc\u00edo Hern\u00e1ndez; mientras que los magistrados incluyen a Jairo Hern\u00e1ndez, Armando Oviedo y Juan David Ramos. Todos reiteraron que se ejercer\u00e1 justicia con plena autonom\u00eda y sin imposiciones.<\/p>\n","protected":false},"excerpt":{"rendered":"<p>Tras concluir el c\u00f3mputo oficial del CEEPAC, los 15 magistrados electos del Supremo Tribunal de Justicia del Estado confirmaron en rueda de prensa que Lourdes Anah\u00ed Zaraz\u00faa Mart\u00ednez ser\u00e1 designada como presidenta del Poder Judicial, al obtener la mayor\u00eda de votos en la elecci\u00f3n interna celebrada el pasado 1 de junio. Durante el encuentro con [&hellip;]<\/p>\n","protected":false},"author":2,"featured_media":19831,"comment_status":"open","ping_status":"open","sticky":false,"template":"","format":"standard","meta":{"footnotes":""},"categories":[1,24],"tags":[3244,4444,294,261,27],"class_list":{"0":"post-19830","1":"post","2":"type-post","3":"status-publish","4":"format-standard","5":"has-post-thumbnail","7":"category-destacadas","8":"category-informacion-general","9":"tag-eleccion-judicial","10":"tag-pj","11":"tag-san-luis","12":"tag-slp","13":"tag-soledad"},"_links":{"self":[{"href":"https:\/\/cronicadesoledad.com\/index.php\/wp-json\/wp\/v2\/posts\/19830","targetHints":{"allow":["GET"]}}],"collection":[{"href":"https:\/\/cronicadesoledad.com\/index.php\/wp-json\/wp\/v2\/posts"}],"about":[{"href":"https:\/\/cronicadesoledad.com\/index.php\/wp-json\/wp\/v2\/types\/post"}],"author":[{"embeddable":true,"href":"https:\/\/cronicadesoledad.com\/index.php\/wp-json\/wp\/v2\/users\/2"}],"replies":[{"embeddable":true,"href":"https:\/\/cronicadesoledad.com\/index.php\/wp-json\/wp\/v2\/comments?post=19830"}],"version-history":[{"count":1,"href":"https:\/\/cronicadesoledad.com\/index.php\/wp-json\/wp\/v2\/posts\/19830\/revisions"}],"predecessor-version":[{"id":19832,"href":"https:\/\/cronicadesoledad.com\/index.php\/wp-json\/wp\/v2\/posts\/19830\/revisions\/19832"}],"wp:featuredmedia":[{"embeddable":true,"href":"https:\/\/cronicadesoledad.com\/index.php\/wp-json\/wp\/v2\/media\/19831"}],"wp:attachment":[{"href":"https:\/\/cronicadesoledad.com\/index.php\/wp-json\/wp\/v2\/media?parent=19830"}],"wp:term":[{"taxonomy":"category","embeddable":true,"href":"https:\/\/cronicadesoledad.com\/index.php\/wp-json\/wp\/v2\/categories?post=19830"},{"taxonomy":"post_tag","embeddable":true,"href":"https:\/\/cronicadesoledad.com\/index.php\/wp-json\/wp\/v2\/tags?post=19830"}],"curies":[{"name":"wp","href":"https:\/\/api.w.org\/{rel}","templated":true}]}}