{"id":19845,"date":"2025-06-10T07:00:00","date_gmt":"2025-06-10T13:00:00","guid":{"rendered":"https:\/\/cronicadesoledad.com\/?p=19845"},"modified":"2025-06-09T20:30:54","modified_gmt":"2025-06-10T02:30:54","slug":"villa-de-pozos-promueve-cuidado-ambiental-en-las-infancias","status":"publish","type":"post","link":"https:\/\/cronicadesoledad.com\/index.php\/2025\/06\/10\/villa-de-pozos-promueve-cuidado-ambiental-en-las-infancias\/","title":{"rendered":"Villa de Pozos promueve cuidado ambiental en las infancias"},"content":{"rendered":"\n<p>En el marco del D\u00eda Internacional del Medio Ambiente, el Gobierno de Villa de Pozos, a trav\u00e9s de la Direcci\u00f3n de Ecolog\u00eda, realiz\u00f3 una jornada ambiental con estudiantes de las escuelas primarias Jos\u00e9 Mariano Jim\u00e9nez y Jos\u00e9 Mar\u00eda Morelos, quienes participaron en la plantaci\u00f3n de \u00e1rboles en el centro comunitario \u201cMi Casita\u201d.<\/p>\n\n\n\n<p>La Presidenta Concejal, Teresa Rivera Acevedo, destac\u00f3 la importancia de involucrar a la ni\u00f1ez en el aprendizaje y la pr\u00e1ctica del respeto por la naturaleza desde temprana edad, ya que, se permite sembrar conciencia ambiental para construir un futuro m\u00e1s sostenible.<\/p>\n\n\n\n<p>Rivera Acevedo, inform\u00f3 que se fortalecer\u00e1n los v\u00ednculos con las instituciones educativas del municipio para desarrollar actividades continuas que promuevan la protecci\u00f3n del entorno natural y el desarrollo de una cultura ecol\u00f3gica entre la comunidad estudiantil.<\/p>\n\n\n\n<p>El director de Ecolog\u00eda Municipal, Alejandro Leal Espinosa, destac\u00f3 que la ni\u00f1ez representa el motor del cambio ambiental en el municipio y a trav\u00e9s de estas acciones, las y los estudiantes reflexionar\u00e1n sobre el impacto que tienen sus decisiones en el planeta y aprender\u00e1n a convertirse en agentes de transformaci\u00f3n.<\/p>\n","protected":false},"excerpt":{"rendered":"<p>En el marco del D\u00eda Internacional del Medio Ambiente, el Gobierno de Villa de Pozos, a trav\u00e9s de la Direcci\u00f3n de Ecolog\u00eda, realiz\u00f3 una jornada ambiental con estudiantes de las escuelas primarias Jos\u00e9 Mariano Jim\u00e9nez y Jos\u00e9 Mar\u00eda Morelos, quienes participaron en la plantaci\u00f3n de \u00e1rboles en el centro comunitario \u201cMi Casita\u201d. La Presidenta Concejal, [&hellip;]<\/p>\n","protected":false},"author":1,"featured_media":19847,"comment_status":"open","ping_status":"open","sticky":false,"template":"","format":"standard","meta":{"footnotes":""},"categories":[1,24,3175],"tags":[2137,4343,294,261,1068],"class_list":{"0":"post-19845","1":"post","2":"type-post","3":"status-publish","4":"format-standard","5":"has-post-thumbnail","7":"category-destacadas","8":"category-informacion-general","9":"category-pozos","10":"tag-ecologia-2","11":"tag-mi-casita","12":"tag-san-luis","13":"tag-slp","14":"tag-villa-de-pozos"},"_links":{"self":[{"href":"https:\/\/cronicadesoledad.com\/index.php\/wp-json\/wp\/v2\/posts\/19845","targetHints":{"allow":["GET"]}}],"collection":[{"href":"https:\/\/cronicadesoledad.com\/index.php\/wp-json\/wp\/v2\/posts"}],"about":[{"href":"https:\/\/cronicadesoledad.com\/index.php\/wp-json\/wp\/v2\/types\/post"}],"author":[{"embeddable":true,"href":"https:\/\/cronicadesoledad.com\/index.php\/wp-json\/wp\/v2\/users\/1"}],"replies":[{"embeddable":true,"href":"https:\/\/cronicadesoledad.com\/index.php\/wp-json\/wp\/v2\/comments?post=19845"}],"version-history":[{"count":1,"href":"https:\/\/cronicadesoledad.com\/index.php\/wp-json\/wp\/v2\/posts\/19845\/revisions"}],"predecessor-version":[{"id":19849,"href":"https:\/\/cronicadesoledad.com\/index.php\/wp-json\/wp\/v2\/posts\/19845\/revisions\/19849"}],"wp:featuredmedia":[{"embeddable":true,"href":"https:\/\/cronicadesoledad.com\/index.php\/wp-json\/wp\/v2\/media\/19847"}],"wp:attachment":[{"href":"https:\/\/cronicadesoledad.com\/index.php\/wp-json\/wp\/v2\/media?parent=19845"}],"wp:term":[{"taxonomy":"category","embeddable":true,"href":"https:\/\/cronicadesoledad.com\/index.php\/wp-json\/wp\/v2\/categories?post=19845"},{"taxonomy":"post_tag","embeddable":true,"href":"https:\/\/cronicadesoledad.com\/index.php\/wp-json\/wp\/v2\/tags?post=19845"}],"curies":[{"name":"wp","href":"https:\/\/api.w.org\/{rel}","templated":true}]}}