{"id":19902,"date":"2025-06-10T22:40:40","date_gmt":"2025-06-11T04:40:40","guid":{"rendered":"https:\/\/cronicadesoledad.com\/?p=19902"},"modified":"2025-06-10T22:40:40","modified_gmt":"2025-06-11T04:40:40","slug":"detienen-a-joven-acusado-de-abuso","status":"publish","type":"post","link":"https:\/\/cronicadesoledad.com\/index.php\/2025\/06\/10\/detienen-a-joven-acusado-de-abuso\/","title":{"rendered":"Detienen a joven acusado de abuso"},"content":{"rendered":"\n<p>Durante un patrullaje en Avenida San Pedro y Rep\u00fablica de Chile, en la colonia del mismo nombre, polic\u00edas municipales fueron alertados por una mujer que les pidi\u00f3 auxilio de forma urgente.<\/p>\n\n\n\n<p>La madre relat\u00f3 que vecinos ten\u00edan retenido a un joven acusado de realizar tocamientos indebidos a su hija menor de edad. Ante la denuncia, los oficiales se acercaron de inmediato al se\u00f1alado.<\/p>\n\n\n\n<p>El hombre fue identificado como Yeudiel &#8220;N&#8221;, de 23 a\u00f1os, y permaneci\u00f3 bajo custodia mientras la denunciante solicitaba formalmente proceder en su contra por el presunto abuso.<\/p>\n\n\n\n<p>Tras confirmar la intenci\u00f3n legal de la madre, los agentes realizaron el arresto del individuo, quien fue puesto a disposici\u00f3n de las autoridades competentes para la investigaci\u00f3n correspondiente.<\/p>\n","protected":false},"excerpt":{"rendered":"<p>Durante un patrullaje en Avenida San Pedro y Rep\u00fablica de Chile, en la colonia del mismo nombre, polic\u00edas municipales fueron alertados por una mujer que les pidi\u00f3 auxilio de forma urgente. La madre relat\u00f3 que vecinos ten\u00edan retenido a un joven acusado de realizar tocamientos indebidos a su hija menor de edad. Ante la denuncia, [&hellip;]<\/p>\n","protected":false},"author":2,"featured_media":18904,"comment_status":"open","ping_status":"open","sticky":false,"template":"","format":"standard","meta":{"footnotes":""},"categories":[24,19],"tags":[2440,1503,294,276,261,27],"class_list":{"0":"post-19902","1":"post","2":"type-post","3":"status-publish","4":"format-standard","5":"has-post-thumbnail","7":"category-informacion-general","8":"category-seguridad","9":"tag-abuso-sexual","10":"tag-detenido","11":"tag-san-luis","12":"tag-seguridad","13":"tag-slp","14":"tag-soledad"},"_links":{"self":[{"href":"https:\/\/cronicadesoledad.com\/index.php\/wp-json\/wp\/v2\/posts\/19902","targetHints":{"allow":["GET"]}}],"collection":[{"href":"https:\/\/cronicadesoledad.com\/index.php\/wp-json\/wp\/v2\/posts"}],"about":[{"href":"https:\/\/cronicadesoledad.com\/index.php\/wp-json\/wp\/v2\/types\/post"}],"author":[{"embeddable":true,"href":"https:\/\/cronicadesoledad.com\/index.php\/wp-json\/wp\/v2\/users\/2"}],"replies":[{"embeddable":true,"href":"https:\/\/cronicadesoledad.com\/index.php\/wp-json\/wp\/v2\/comments?post=19902"}],"version-history":[{"count":1,"href":"https:\/\/cronicadesoledad.com\/index.php\/wp-json\/wp\/v2\/posts\/19902\/revisions"}],"predecessor-version":[{"id":19903,"href":"https:\/\/cronicadesoledad.com\/index.php\/wp-json\/wp\/v2\/posts\/19902\/revisions\/19903"}],"wp:featuredmedia":[{"embeddable":true,"href":"https:\/\/cronicadesoledad.com\/index.php\/wp-json\/wp\/v2\/media\/18904"}],"wp:attachment":[{"href":"https:\/\/cronicadesoledad.com\/index.php\/wp-json\/wp\/v2\/media?parent=19902"}],"wp:term":[{"taxonomy":"category","embeddable":true,"href":"https:\/\/cronicadesoledad.com\/index.php\/wp-json\/wp\/v2\/categories?post=19902"},{"taxonomy":"post_tag","embeddable":true,"href":"https:\/\/cronicadesoledad.com\/index.php\/wp-json\/wp\/v2\/tags?post=19902"}],"curies":[{"name":"wp","href":"https:\/\/api.w.org\/{rel}","templated":true}]}}