{"id":19904,"date":"2025-06-10T22:42:28","date_gmt":"2025-06-11T04:42:28","guid":{"rendered":"https:\/\/cronicadesoledad.com\/?p=19904"},"modified":"2025-06-10T22:42:29","modified_gmt":"2025-06-11T04:42:29","slug":"impulsan-talento-deportivo-infantil-en-competencias-nacionales","status":"publish","type":"post","link":"https:\/\/cronicadesoledad.com\/index.php\/2025\/06\/10\/impulsan-talento-deportivo-infantil-en-competencias-nacionales\/","title":{"rendered":"Impulsan talento deportivo infantil en competencias nacionales"},"content":{"rendered":"\n<p>El Ayuntamiento de Soledad de Graciano S\u00e1nchez refrenda su respaldo a las nuevas generaciones mediante el impulso al deporte a trav\u00e9s de los Centros de Desarrollo Comunitario del Sistema para el Desarrollo Integral de la Familia (DIF) Municipal. Gracias a este compromiso, cinco integrantes del equipo de tae kwon do del Centro de Desarrollo Comunitario Santo Tom\u00e1s, representaron con orgullo al municipio en el Campeonato Nacional ITF, clasificatorio rumbo a Argentina y Puerto Rico 2025, enfrentando a competidores de distintos estados del pa\u00eds.<\/p>\n\n\n\n<p>En esta justa deportiva, los resultados reflejaron la disciplina y constancia de las y los atletas, quienes lograron posicionarse en los primeros lugares: Perla Naranjo Galaviz obtuvo primer lugar en forma y dos primeros lugares en combate; Zaira Naranjo Galaviz conquist\u00f3 primer lugar en forma, primer lugar en combate y segundo lugar en forma por equipos; Iker Balleza Perales logr\u00f3 segundo lugar en combate; Am\u00e9rica Yesenia Hern\u00e1ndez alcanz\u00f3 segundo lugar en combate, primer lugar en forma y segundo en forma por equipos; mientras que Cielo Michel Santiago obtuvo segundo lugar en combate y primer lugar en forma.<\/p>\n\n\n\n<p>Estos logros colocan en alto el nombre del municipio, y dan muestra del compromiso del Gobierno Municipal por acercar oportunidades reales de desarrollo a trav\u00e9s del deporte, impulsando el potencial de ni\u00f1as, ni\u00f1os y j\u00f3venes, por lo que la Administraci\u00f3n municipal contin\u00faa trabajando para que estos espacios de formaci\u00f3n y crecimiento est\u00e9n al alcance de todas las familias.<\/p>\n\n\n\n<p>El CDC Santo Tom\u00e1s, al igual que otros Centros Comunitarios del municipio, ofrece de manera permanente talleres deportivos, culturales y recreativos con costos accesibles para madres de familia, adultos mayores, j\u00f3venes y ni\u00f1as y ni\u00f1os, asumiendo el claro compromiso del DIF Municipal de estar cerca de la poblaci\u00f3n, brindar oportunidades de superaci\u00f3n y respaldar cada paso que lleve al \u00e9xito a quienes forman parte de estos espacios de crecimiento.<\/p>\n","protected":false},"excerpt":{"rendered":"<p>El Ayuntamiento de Soledad de Graciano S\u00e1nchez refrenda su respaldo a las nuevas generaciones mediante el impulso al deporte a trav\u00e9s de los Centros de Desarrollo Comunitario del Sistema para el Desarrollo Integral de la Familia (DIF) Municipal. Gracias a este compromiso, cinco integrantes del equipo de tae kwon do del Centro de Desarrollo Comunitario [&hellip;]<\/p>\n","protected":false},"author":2,"featured_media":19905,"comment_status":"open","ping_status":"open","sticky":false,"template":"","format":"standard","meta":{"footnotes":""},"categories":[20,1,24,21],"tags":[223,1981,271,287,294,261,27,491],"class_list":{"0":"post-19904","1":"post","2":"type-post","3":"status-publish","4":"format-standard","5":"has-post-thumbnail","7":"category-cronica-deportiva","8":"category-destacadas","9":"category-informacion-general","10":"category-tu-soledad","11":"tag-ayuntamiento-soledense","12":"tag-cronica-deportiva-2","13":"tag-deporte","14":"tag-nacional","15":"tag-san-luis","16":"tag-slp","17":"tag-soledad","18":"tag-taekwondo"},"_links":{"self":[{"href":"https:\/\/cronicadesoledad.com\/index.php\/wp-json\/wp\/v2\/posts\/19904","targetHints":{"allow":["GET"]}}],"collection":[{"href":"https:\/\/cronicadesoledad.com\/index.php\/wp-json\/wp\/v2\/posts"}],"about":[{"href":"https:\/\/cronicadesoledad.com\/index.php\/wp-json\/wp\/v2\/types\/post"}],"author":[{"embeddable":true,"href":"https:\/\/cronicadesoledad.com\/index.php\/wp-json\/wp\/v2\/users\/2"}],"replies":[{"embeddable":true,"href":"https:\/\/cronicadesoledad.com\/index.php\/wp-json\/wp\/v2\/comments?post=19904"}],"version-history":[{"count":1,"href":"https:\/\/cronicadesoledad.com\/index.php\/wp-json\/wp\/v2\/posts\/19904\/revisions"}],"predecessor-version":[{"id":19906,"href":"https:\/\/cronicadesoledad.com\/index.php\/wp-json\/wp\/v2\/posts\/19904\/revisions\/19906"}],"wp:featuredmedia":[{"embeddable":true,"href":"https:\/\/cronicadesoledad.com\/index.php\/wp-json\/wp\/v2\/media\/19905"}],"wp:attachment":[{"href":"https:\/\/cronicadesoledad.com\/index.php\/wp-json\/wp\/v2\/media?parent=19904"}],"wp:term":[{"taxonomy":"category","embeddable":true,"href":"https:\/\/cronicadesoledad.com\/index.php\/wp-json\/wp\/v2\/categories?post=19904"},{"taxonomy":"post_tag","embeddable":true,"href":"https:\/\/cronicadesoledad.com\/index.php\/wp-json\/wp\/v2\/tags?post=19904"}],"curies":[{"name":"wp","href":"https:\/\/api.w.org\/{rel}","templated":true}]}}