{"id":1993,"date":"2022-11-11T14:30:09","date_gmt":"2022-11-11T20:30:09","guid":{"rendered":"https:\/\/cronicadesoledad.com\/?p=1993"},"modified":"2022-11-11T14:30:11","modified_gmt":"2022-11-11T20:30:11","slug":"antes-de-concluir-2022-se-entregaran-nuevas-areas-deportivas-en-soledad","status":"publish","type":"post","link":"https:\/\/cronicadesoledad.com\/index.php\/2022\/11\/11\/antes-de-concluir-2022-se-entregaran-nuevas-areas-deportivas-en-soledad\/","title":{"rendered":"Antes de concluir 2022 se entregar\u00e1n nuevas \u00e1reas deportivas en Soledad"},"content":{"rendered":"\n<p>Soledad de Graciano S\u00e1nchez; SLP.- Con la finalidad de promover la cohesi\u00f3n social a trav\u00e9s del sano esparcimiento e impulsar las actividades que favorezcan el bienestar f\u00edsico y mental de las y los soledenses; el Ayuntamiento, a trav\u00e9s de su presidenta, Leonor Noyola Cervantes, contin\u00faa con el trabajo encaminado a rehabilitar espacios deportivos de las diferentes colonias de la localidad.<\/p>\n\n\n\n<p>Por ello, se espera que antes de que concluya el 2022, se realice la entrega de por lo menos tres nuevas \u00e1reas deportivas a los habitantes del municipio.<\/p>\n\n\n\n<figure class=\"wp-block-image size-large\"><img loading=\"lazy\" decoding=\"async\" width=\"1024\" height=\"684\" src=\"https:\/\/cronicadesoledad.com\/wp-content\/uploads\/2022\/11\/IMG-20221111-WA0025-1024x684.jpg\" alt=\"\" class=\"wp-image-1995\" srcset=\"https:\/\/cronicadesoledad.com\/wp-content\/uploads\/2022\/11\/IMG-20221111-WA0025-1024x684.jpg 1024w, https:\/\/cronicadesoledad.com\/wp-content\/uploads\/2022\/11\/IMG-20221111-WA0025-300x200.jpg 300w, https:\/\/cronicadesoledad.com\/wp-content\/uploads\/2022\/11\/IMG-20221111-WA0025-768x513.jpg 768w, https:\/\/cronicadesoledad.com\/wp-content\/uploads\/2022\/11\/IMG-20221111-WA0025-696x465.jpg 696w, https:\/\/cronicadesoledad.com\/wp-content\/uploads\/2022\/11\/IMG-20221111-WA0025-1068x713.jpg 1068w, https:\/\/cronicadesoledad.com\/wp-content\/uploads\/2022\/11\/IMG-20221111-WA0025.jpg 1504w\" sizes=\"auto, (max-width: 1024px) 100vw, 1024px\" \/><\/figure>\n\n\n\n<p>\u201cEst\u00e1n varias en procesos, tenemos tres m\u00e1s y nosotros esperamos que antes de que concluya el a\u00f1o podamos inaugurarlas\u201d, se\u00f1al\u00f3.<\/p>\n\n\n\n<p>Reconoci\u00f3 que la creaci\u00f3n de este tipo de espacios es importante para el municipio, ya que permite que su poblaci\u00f3n cuente con espacios en donde se fomente el encuentro, deporte y entretenimiento entre los integrantes de la comunidad, lo cual a la vez genera un impacto positivo en la vida de los ciudadanos.<\/p>\n\n\n\n<p>Agreg\u00f3 que estos centros permiten tambi\u00e9n a las nuevas generaciones desarrollarse en ambientes sanos donde puedan aprovechar de mejor manera su tiempo libre.<\/p>\n\n\n\n<p>\u201cEso es de gran ayuda para toda la sociedad, no solo para los ni\u00f1os y ni\u00f1as tambi\u00e9n para los j\u00f3venes y adultos mayores\u201d, manifest\u00f3.<\/p>\n\n\n\n<p>Reiter\u00f3 la invitaci\u00f3n a la ciudadan\u00eda, para que se sume al trabajo que ha realizado su administraci\u00f3n y se refuercen las acciones para cuidar las instalaciones que son patrimonio de todos los soledenses.<\/p>\n\n\n\n<figure class=\"wp-block-image size-large\"><img loading=\"lazy\" decoding=\"async\" width=\"1024\" height=\"684\" src=\"https:\/\/cronicadesoledad.com\/wp-content\/uploads\/2022\/11\/IMG-20221111-WA0024-1024x684.jpg\" alt=\"\" class=\"wp-image-1996\" srcset=\"https:\/\/cronicadesoledad.com\/wp-content\/uploads\/2022\/11\/IMG-20221111-WA0024-1024x684.jpg 1024w, https:\/\/cronicadesoledad.com\/wp-content\/uploads\/2022\/11\/IMG-20221111-WA0024-300x200.jpg 300w, https:\/\/cronicadesoledad.com\/wp-content\/uploads\/2022\/11\/IMG-20221111-WA0024-768x513.jpg 768w, https:\/\/cronicadesoledad.com\/wp-content\/uploads\/2022\/11\/IMG-20221111-WA0024-696x465.jpg 696w, https:\/\/cronicadesoledad.com\/wp-content\/uploads\/2022\/11\/IMG-20221111-WA0024-1068x713.jpg 1068w, https:\/\/cronicadesoledad.com\/wp-content\/uploads\/2022\/11\/IMG-20221111-WA0024.jpg 1504w\" sizes=\"auto, (max-width: 1024px) 100vw, 1024px\" \/><\/figure>\n","protected":false},"excerpt":{"rendered":"<p>Soledad de Graciano S\u00e1nchez; SLP.- Con la finalidad de promover la cohesi\u00f3n social a trav\u00e9s del sano esparcimiento e impulsar las actividades que favorezcan el bienestar f\u00edsico y mental de las y los soledenses; el Ayuntamiento, a trav\u00e9s de su presidenta, Leonor Noyola Cervantes, contin\u00faa con el trabajo encaminado a rehabilitar espacios deportivos de las [&hellip;]<\/p>\n","protected":false},"author":1,"featured_media":1994,"comment_status":"open","ping_status":"open","sticky":false,"template":"","format":"standard","meta":{"footnotes":""},"categories":[20,21],"tags":[],"class_list":{"0":"post-1993","1":"post","2":"type-post","3":"status-publish","4":"format-standard","5":"has-post-thumbnail","7":"category-cronica-deportiva","8":"category-tu-soledad"},"_links":{"self":[{"href":"https:\/\/cronicadesoledad.com\/index.php\/wp-json\/wp\/v2\/posts\/1993","targetHints":{"allow":["GET"]}}],"collection":[{"href":"https:\/\/cronicadesoledad.com\/index.php\/wp-json\/wp\/v2\/posts"}],"about":[{"href":"https:\/\/cronicadesoledad.com\/index.php\/wp-json\/wp\/v2\/types\/post"}],"author":[{"embeddable":true,"href":"https:\/\/cronicadesoledad.com\/index.php\/wp-json\/wp\/v2\/users\/1"}],"replies":[{"embeddable":true,"href":"https:\/\/cronicadesoledad.com\/index.php\/wp-json\/wp\/v2\/comments?post=1993"}],"version-history":[{"count":1,"href":"https:\/\/cronicadesoledad.com\/index.php\/wp-json\/wp\/v2\/posts\/1993\/revisions"}],"predecessor-version":[{"id":1997,"href":"https:\/\/cronicadesoledad.com\/index.php\/wp-json\/wp\/v2\/posts\/1993\/revisions\/1997"}],"wp:featuredmedia":[{"embeddable":true,"href":"https:\/\/cronicadesoledad.com\/index.php\/wp-json\/wp\/v2\/media\/1994"}],"wp:attachment":[{"href":"https:\/\/cronicadesoledad.com\/index.php\/wp-json\/wp\/v2\/media?parent=1993"}],"wp:term":[{"taxonomy":"category","embeddable":true,"href":"https:\/\/cronicadesoledad.com\/index.php\/wp-json\/wp\/v2\/categories?post=1993"},{"taxonomy":"post_tag","embeddable":true,"href":"https:\/\/cronicadesoledad.com\/index.php\/wp-json\/wp\/v2\/tags?post=1993"}],"curies":[{"name":"wp","href":"https:\/\/api.w.org\/{rel}","templated":true}]}}