{"id":19955,"date":"2025-06-12T17:19:32","date_gmt":"2025-06-12T23:19:32","guid":{"rendered":"https:\/\/cronicadesoledad.com\/?p=19955"},"modified":"2025-06-12T17:19:33","modified_gmt":"2025-06-12T23:19:33","slug":"smdif-reitera-acciones-contra-el-trabajo-infantil","status":"publish","type":"post","link":"https:\/\/cronicadesoledad.com\/index.php\/2025\/06\/12\/smdif-reitera-acciones-contra-el-trabajo-infantil\/","title":{"rendered":"SMDIF reitera acciones contra el trabajo infantil"},"content":{"rendered":"\n<p>Comprometido con la protecci\u00f3n de la ni\u00f1ez y en el marco del D\u00eda Mundial contra el Trabajo Infantil, el Gobierno Municipal de Soledad de Graciano S\u00e1nchez, mantiene operativos constantes en cruceros y zonas de tr\u00e1nsito vehicular para evitar que menores de edad se vean expuestos a situaciones de riesgo; a trav\u00e9s del Sistema Municipal para el Desarrollo Integral de la Familia (DIF), se realizan recorridos frecuentes para detectar y atender posibles casos cumpliendo la instrucci\u00f3n del Alcalde Juan Manuel Navarro Mu\u00f1iz.<\/p>\n\n\n\n<p>Mar\u00eda del Pilar Cardona Reyna, presidenta del DIF Municipal, inform\u00f3 que los rondines se enfocan en \u00e1reas donde anteriormente se ha observado a ni\u00f1as y ni\u00f1os ofreciendo productos o servicios de limpieza en parabrisas. \u201cEstamos constantemente realizando rondines en las \u00e1reas donde se han detectado a menores en la calle, si encontramos alg\u00fan caso, nos contactamos de inmediato con los tutores o familiares, porque lo que no queremos es ver a ni\u00f1os y ni\u00f1as en riesgo\u201d, afirm\u00f3.<\/p>\n\n\n\n<p>La funcionaria destac\u00f3 que desde hace un mes no se ha detectado presencia de menores en los cruceros del municipio, lo cual da muestra del impacto positivo de estas acciones; a\u00f1adi\u00f3 que, cuando se han encontrado casos, la mayor\u00eda corresponden a familias en tr\u00e1nsito, situaci\u00f3n que suele presentarse m\u00e1s en periodos vacacionales.<\/p>\n\n\n\n<p>Estas medidas responden a la encomienda del Ayuntamiento de estar cerca de las familias y proteger a los sectores m\u00e1s vulnerables, as\u00ed como vigilar permanentemente las calles para garantizar el bienestar y desarrollo integral de la ni\u00f1ez soledense.<\/p>\n","protected":false},"excerpt":{"rendered":"<p>Comprometido con la protecci\u00f3n de la ni\u00f1ez y en el marco del D\u00eda Mundial contra el Trabajo Infantil, el Gobierno Municipal de Soledad de Graciano S\u00e1nchez, mantiene operativos constantes en cruceros y zonas de tr\u00e1nsito vehicular para evitar que menores de edad se vean expuestos a situaciones de riesgo; a trav\u00e9s del Sistema Municipal para [&hellip;]<\/p>\n","protected":false},"author":2,"featured_media":19956,"comment_status":"open","ping_status":"open","sticky":false,"template":"","format":"standard","meta":{"footnotes":""},"categories":[1,24,21],"tags":[223,499,294,261,1141,27,4453],"class_list":{"0":"post-19955","1":"post","2":"type-post","3":"status-publish","4":"format-standard","5":"has-post-thumbnail","7":"category-destacadas","8":"category-informacion-general","9":"category-tu-soledad","10":"tag-ayuntamiento-soledense","11":"tag-dif-municipal","12":"tag-san-luis","13":"tag-slp","14":"tag-smdif","15":"tag-soledad","16":"tag-trabajo-infantil"},"_links":{"self":[{"href":"https:\/\/cronicadesoledad.com\/index.php\/wp-json\/wp\/v2\/posts\/19955","targetHints":{"allow":["GET"]}}],"collection":[{"href":"https:\/\/cronicadesoledad.com\/index.php\/wp-json\/wp\/v2\/posts"}],"about":[{"href":"https:\/\/cronicadesoledad.com\/index.php\/wp-json\/wp\/v2\/types\/post"}],"author":[{"embeddable":true,"href":"https:\/\/cronicadesoledad.com\/index.php\/wp-json\/wp\/v2\/users\/2"}],"replies":[{"embeddable":true,"href":"https:\/\/cronicadesoledad.com\/index.php\/wp-json\/wp\/v2\/comments?post=19955"}],"version-history":[{"count":1,"href":"https:\/\/cronicadesoledad.com\/index.php\/wp-json\/wp\/v2\/posts\/19955\/revisions"}],"predecessor-version":[{"id":19957,"href":"https:\/\/cronicadesoledad.com\/index.php\/wp-json\/wp\/v2\/posts\/19955\/revisions\/19957"}],"wp:featuredmedia":[{"embeddable":true,"href":"https:\/\/cronicadesoledad.com\/index.php\/wp-json\/wp\/v2\/media\/19956"}],"wp:attachment":[{"href":"https:\/\/cronicadesoledad.com\/index.php\/wp-json\/wp\/v2\/media?parent=19955"}],"wp:term":[{"taxonomy":"category","embeddable":true,"href":"https:\/\/cronicadesoledad.com\/index.php\/wp-json\/wp\/v2\/categories?post=19955"},{"taxonomy":"post_tag","embeddable":true,"href":"https:\/\/cronicadesoledad.com\/index.php\/wp-json\/wp\/v2\/tags?post=19955"}],"curies":[{"name":"wp","href":"https:\/\/api.w.org\/{rel}","templated":true}]}}