{"id":19984,"date":"2025-06-12T20:45:00","date_gmt":"2025-06-13T02:45:00","guid":{"rendered":"https:\/\/cronicadesoledad.com\/?p=19984"},"modified":"2025-06-12T20:23:57","modified_gmt":"2025-06-13T02:23:57","slug":"anuncian-talleres-gratuitos-de-pintura-para-ninas-y-ninos-en-soledad-durante-vacaciones","status":"publish","type":"post","link":"https:\/\/cronicadesoledad.com\/index.php\/2025\/06\/12\/anuncian-talleres-gratuitos-de-pintura-para-ninas-y-ninos-en-soledad-durante-vacaciones\/","title":{"rendered":"Anuncian talleres gratuitos de pintura para ni\u00f1as y ni\u00f1os en Soledad durante vacaciones"},"content":{"rendered":"\n<p>El Ayuntamiento de Soledad de Graciano S\u00e1nchez ofrecer\u00e1 talleres gratuitos de pintura dirigidos a ni\u00f1as y ni\u00f1os durante el pr\u00f3ximo periodo vacacional de verano, como parte de una iniciativa para fomentar actividades recreativas entre la poblaci\u00f3n infantil.<\/p>\n\n\n\n<p>La Coordinaci\u00f3n de Participaci\u00f3n Ciudadana inform\u00f3 que las clases se impartir\u00e1n dos veces por semana en un horario de 10:00 a 14:00 horas. Estar\u00e1n abiertas a menores desde nivel preescolar hasta secundaria, sin costo alguno para las familias.<\/p>\n\n\n\n<p>Ofelia Ortega Samaniego, titular del \u00e1rea, indic\u00f3 que las inscripciones ya est\u00e1n disponibles y pueden realizarse directamente en las oficinas de Participaci\u00f3n Ciudadana o llamando al n\u00famero 44-42-91-23-52. Las fechas de inicio del taller ser\u00e1n anunciadas en los pr\u00f3ximos d\u00edas a trav\u00e9s de los canales oficiales del municipio.<\/p>\n\n\n\n<p>La actividad busca ofrecer una alternativa formativa y segura para las infancias durante las vacaciones, con \u00e9nfasis en el desarrollo creativo y la integraci\u00f3n comunitaria.<\/p>\n","protected":false},"excerpt":{"rendered":"<p>El Ayuntamiento de Soledad de Graciano S\u00e1nchez ofrecer\u00e1 talleres gratuitos de pintura dirigidos a ni\u00f1as y ni\u00f1os durante el pr\u00f3ximo periodo vacacional de verano, como parte de una iniciativa para fomentar actividades recreativas entre la poblaci\u00f3n infantil. La Coordinaci\u00f3n de Participaci\u00f3n Ciudadana inform\u00f3 que las clases se impartir\u00e1n dos veces por semana en un horario [&hellip;]<\/p>\n","protected":false},"author":1,"featured_media":19985,"comment_status":"open","ping_status":"open","sticky":false,"template":"","format":"standard","meta":{"footnotes":""},"categories":[24,21],"tags":[261,27,4456,1977],"class_list":{"0":"post-19984","1":"post","2":"type-post","3":"status-publish","4":"format-standard","5":"has-post-thumbnail","7":"category-informacion-general","8":"category-tu-soledad","9":"tag-slp","10":"tag-soledad","11":"tag-taller-gratuitos","12":"tag-vacaciones"},"_links":{"self":[{"href":"https:\/\/cronicadesoledad.com\/index.php\/wp-json\/wp\/v2\/posts\/19984","targetHints":{"allow":["GET"]}}],"collection":[{"href":"https:\/\/cronicadesoledad.com\/index.php\/wp-json\/wp\/v2\/posts"}],"about":[{"href":"https:\/\/cronicadesoledad.com\/index.php\/wp-json\/wp\/v2\/types\/post"}],"author":[{"embeddable":true,"href":"https:\/\/cronicadesoledad.com\/index.php\/wp-json\/wp\/v2\/users\/1"}],"replies":[{"embeddable":true,"href":"https:\/\/cronicadesoledad.com\/index.php\/wp-json\/wp\/v2\/comments?post=19984"}],"version-history":[{"count":1,"href":"https:\/\/cronicadesoledad.com\/index.php\/wp-json\/wp\/v2\/posts\/19984\/revisions"}],"predecessor-version":[{"id":19986,"href":"https:\/\/cronicadesoledad.com\/index.php\/wp-json\/wp\/v2\/posts\/19984\/revisions\/19986"}],"wp:featuredmedia":[{"embeddable":true,"href":"https:\/\/cronicadesoledad.com\/index.php\/wp-json\/wp\/v2\/media\/19985"}],"wp:attachment":[{"href":"https:\/\/cronicadesoledad.com\/index.php\/wp-json\/wp\/v2\/media?parent=19984"}],"wp:term":[{"taxonomy":"category","embeddable":true,"href":"https:\/\/cronicadesoledad.com\/index.php\/wp-json\/wp\/v2\/categories?post=19984"},{"taxonomy":"post_tag","embeddable":true,"href":"https:\/\/cronicadesoledad.com\/index.php\/wp-json\/wp\/v2\/tags?post=19984"}],"curies":[{"name":"wp","href":"https:\/\/api.w.org\/{rel}","templated":true}]}}