{"id":19988,"date":"2025-06-13T16:24:38","date_gmt":"2025-06-13T22:24:38","guid":{"rendered":"https:\/\/cronicadesoledad.com\/?p=19988"},"modified":"2025-06-13T16:24:39","modified_gmt":"2025-06-13T22:24:39","slug":"patrulla-choca-por-auto-que-ignoro-un-alto","status":"publish","type":"post","link":"https:\/\/cronicadesoledad.com\/index.php\/2025\/06\/13\/patrulla-choca-por-auto-que-ignoro-un-alto\/","title":{"rendered":"Patrulla choca por auto que ignor\u00f3 un alto"},"content":{"rendered":"\n<p>Un fuerte accidente ocurri\u00f3 la tarde del mi\u00e9rcoles en la intersecci\u00f3n de Juli\u00e1n de los Reyes y Fausto Nieto, en el centro de Soledad, luego de que un autom\u00f3vil compacto ignorara el alto y se atravesara en el camino de una patrulla municipal que circulaba con sirena activa y preferencia de paso.<\/p>\n\n\n\n<p>De acuerdo con el peritaje, el conductor del veh\u00edculo particular iba a exceso de velocidad y no respet\u00f3 el se\u00f1alamiento, provocando que la unidad oficial impactara de lleno en su costado. El golpe hizo que la patrulla perdiera el control y fuera proyectada hacia otro punto de la calle Fausto Nieto.<\/p>\n\n\n\n<p>En su trayectoria, la unidad oficial termin\u00f3 chocando contra dos autos que estaban correctamente estacionados, generando cuantiosos da\u00f1os materiales. No se reportaron personas lesionadas de gravedad, aunque algunos oficiales fueron valorados por param\u00e9dicos en el lugar.<\/p>\n\n\n\n<p>Elementos de tr\u00e1nsito y servicios de emergencia llegaron de inmediato para tomar control de la situaci\u00f3n, acordonar la zona y realizar el peritaje correspondiente. Las autoridades iniciaron el proceso para deslindar responsabilidades.<\/p>\n","protected":false},"excerpt":{"rendered":"<p>Un fuerte accidente ocurri\u00f3 la tarde del mi\u00e9rcoles en la intersecci\u00f3n de Juli\u00e1n de los Reyes y Fausto Nieto, en el centro de Soledad, luego de que un autom\u00f3vil compacto ignorara el alto y se atravesara en el camino de una patrulla municipal que circulaba con sirena activa y preferencia de paso. De acuerdo con [&hellip;]<\/p>\n","protected":false},"author":2,"featured_media":19989,"comment_status":"open","ping_status":"open","sticky":false,"template":"","format":"standard","meta":{"footnotes":""},"categories":[1,24,19],"tags":[1749,4457,294,276,261,27],"class_list":{"0":"post-19988","1":"post","2":"type-post","3":"status-publish","4":"format-standard","5":"has-post-thumbnail","7":"category-destacadas","8":"category-informacion-general","9":"category-seguridad","10":"tag-choque","11":"tag-patrulla","12":"tag-san-luis","13":"tag-seguridad","14":"tag-slp","15":"tag-soledad"},"_links":{"self":[{"href":"https:\/\/cronicadesoledad.com\/index.php\/wp-json\/wp\/v2\/posts\/19988","targetHints":{"allow":["GET"]}}],"collection":[{"href":"https:\/\/cronicadesoledad.com\/index.php\/wp-json\/wp\/v2\/posts"}],"about":[{"href":"https:\/\/cronicadesoledad.com\/index.php\/wp-json\/wp\/v2\/types\/post"}],"author":[{"embeddable":true,"href":"https:\/\/cronicadesoledad.com\/index.php\/wp-json\/wp\/v2\/users\/2"}],"replies":[{"embeddable":true,"href":"https:\/\/cronicadesoledad.com\/index.php\/wp-json\/wp\/v2\/comments?post=19988"}],"version-history":[{"count":1,"href":"https:\/\/cronicadesoledad.com\/index.php\/wp-json\/wp\/v2\/posts\/19988\/revisions"}],"predecessor-version":[{"id":19990,"href":"https:\/\/cronicadesoledad.com\/index.php\/wp-json\/wp\/v2\/posts\/19988\/revisions\/19990"}],"wp:featuredmedia":[{"embeddable":true,"href":"https:\/\/cronicadesoledad.com\/index.php\/wp-json\/wp\/v2\/media\/19989"}],"wp:attachment":[{"href":"https:\/\/cronicadesoledad.com\/index.php\/wp-json\/wp\/v2\/media?parent=19988"}],"wp:term":[{"taxonomy":"category","embeddable":true,"href":"https:\/\/cronicadesoledad.com\/index.php\/wp-json\/wp\/v2\/categories?post=19988"},{"taxonomy":"post_tag","embeddable":true,"href":"https:\/\/cronicadesoledad.com\/index.php\/wp-json\/wp\/v2\/tags?post=19988"}],"curies":[{"name":"wp","href":"https:\/\/api.w.org\/{rel}","templated":true}]}}