{"id":20000,"date":"2025-06-13T16:31:29","date_gmt":"2025-06-13T22:31:29","guid":{"rendered":"https:\/\/cronicadesoledad.com\/?p=20000"},"modified":"2025-06-13T16:31:30","modified_gmt":"2025-06-13T22:31:30","slug":"garantizan-atencion-de-alumbrado-publico","status":"publish","type":"post","link":"https:\/\/cronicadesoledad.com\/index.php\/2025\/06\/13\/garantizan-atencion-de-alumbrado-publico\/","title":{"rendered":"Garantizan atenci\u00f3n de alumbrado p\u00fablico"},"content":{"rendered":"\n<p>Con el firme compromiso de fortalecer la seguridad y el bienestar de las familias soledenses, el Ayuntamiento de Soledad de Graciano S\u00e1nchez, por instrucci\u00f3n del Alcalde Juan Manuel Navarro Mu\u00f1iz, brinda una atenci\u00f3n puntual y eficiente al sistema de iluminaci\u00f3n de calles en todas las colonias; de acuerdo con el \u00c1rea de Alumbrado P\u00fablico, cada mes se reciben alrededor de 600 solicitudes para la reconexi\u00f3n o reemplazo de luminarias, mismas que son atendidas en menos de 24 horas.<\/p>\n\n\n\n<p>Abel Ram\u00edrez Huerta, responsable de dicha \u00e1rea municipal, detall\u00f3 que actualmente, el municipio cuenta con un parque de 22 mil l\u00e1mparas con un \u00edndice de fallas m\u00ednimo, gracias al mantenimiento constante y al uso de tecnolog\u00eda LED con eficiencia energ\u00e9tica del 99 por ciento, lo que mejora la visibilidad en calles y espacios p\u00fablicos, y representa un ahorro significativo en el consumo el\u00e9ctrico.<\/p>\n\n\n\n<p>\u201cEstamos atendiendo de 14 a 20 reportes diarios, ya sea por llamada, por oficio o directamente en la oficina, lo importante es que cubrimos todas las zonas del municipio sin distinci\u00f3n; durante la presente y la pr\u00f3xima semana dimos atenci\u00f3n en la calle Benito Ju\u00e1rez, Polvor\u00edn, Real Providencia, Rivas Guill\u00e9n Norte y Sur, as\u00ed como en San Isidro\u201d, se\u00f1al\u00f3 el funcionario municipal.<\/p>\n\n\n\n<p>La administraci\u00f3n que encabeza el Alcalde Juan Manuel Navarro Mu\u00f1iz ha puesto especial \u00e9nfasis en mantener iluminadas las vialidades, incluso durante la temporada de lluvias, cuando las descargas el\u00e9ctricas pueden afectar las conexiones expuestas. \u201cLas condiciones del alumbrado en Soledad son muy buenas, y seguiremos trabajando con cercan\u00eda a la ciudadan\u00eda para que cada solicitud sea resuelta con rapidez\u201d, concluy\u00f3.<\/p>\n","protected":false},"excerpt":{"rendered":"<p>Con el firme compromiso de fortalecer la seguridad y el bienestar de las familias soledenses, el Ayuntamiento de Soledad de Graciano S\u00e1nchez, por instrucci\u00f3n del Alcalde Juan Manuel Navarro Mu\u00f1iz, brinda una atenci\u00f3n puntual y eficiente al sistema de iluminaci\u00f3n de calles en todas las colonias; de acuerdo con el \u00c1rea de Alumbrado P\u00fablico, cada [&hellip;]<\/p>\n","protected":false},"author":2,"featured_media":20001,"comment_status":"open","ping_status":"open","sticky":false,"template":"","format":"standard","meta":{"footnotes":""},"categories":[1,24,21],"tags":[1914,223,294,261,27],"class_list":{"0":"post-20000","1":"post","2":"type-post","3":"status-publish","4":"format-standard","5":"has-post-thumbnail","7":"category-destacadas","8":"category-informacion-general","9":"category-tu-soledad","10":"tag-alumbrado","11":"tag-ayuntamiento-soledense","12":"tag-san-luis","13":"tag-slp","14":"tag-soledad"},"_links":{"self":[{"href":"https:\/\/cronicadesoledad.com\/index.php\/wp-json\/wp\/v2\/posts\/20000","targetHints":{"allow":["GET"]}}],"collection":[{"href":"https:\/\/cronicadesoledad.com\/index.php\/wp-json\/wp\/v2\/posts"}],"about":[{"href":"https:\/\/cronicadesoledad.com\/index.php\/wp-json\/wp\/v2\/types\/post"}],"author":[{"embeddable":true,"href":"https:\/\/cronicadesoledad.com\/index.php\/wp-json\/wp\/v2\/users\/2"}],"replies":[{"embeddable":true,"href":"https:\/\/cronicadesoledad.com\/index.php\/wp-json\/wp\/v2\/comments?post=20000"}],"version-history":[{"count":1,"href":"https:\/\/cronicadesoledad.com\/index.php\/wp-json\/wp\/v2\/posts\/20000\/revisions"}],"predecessor-version":[{"id":20002,"href":"https:\/\/cronicadesoledad.com\/index.php\/wp-json\/wp\/v2\/posts\/20000\/revisions\/20002"}],"wp:featuredmedia":[{"embeddable":true,"href":"https:\/\/cronicadesoledad.com\/index.php\/wp-json\/wp\/v2\/media\/20001"}],"wp:attachment":[{"href":"https:\/\/cronicadesoledad.com\/index.php\/wp-json\/wp\/v2\/media?parent=20000"}],"wp:term":[{"taxonomy":"category","embeddable":true,"href":"https:\/\/cronicadesoledad.com\/index.php\/wp-json\/wp\/v2\/categories?post=20000"},{"taxonomy":"post_tag","embeddable":true,"href":"https:\/\/cronicadesoledad.com\/index.php\/wp-json\/wp\/v2\/tags?post=20000"}],"curies":[{"name":"wp","href":"https:\/\/api.w.org\/{rel}","templated":true}]}}