{"id":20151,"date":"2025-06-17T16:30:00","date_gmt":"2025-06-17T22:30:00","guid":{"rendered":"https:\/\/cronicadesoledad.com\/?p=20151"},"modified":"2025-06-17T15:53:16","modified_gmt":"2025-06-17T21:53:16","slug":"anuncian-rehabilitacion-de-mas-de-60-calles-en-soledad-para-el-segundo-semestre-de-2025","status":"publish","type":"post","link":"https:\/\/cronicadesoledad.com\/index.php\/2025\/06\/17\/anuncian-rehabilitacion-de-mas-de-60-calles-en-soledad-para-el-segundo-semestre-de-2025\/","title":{"rendered":"Anuncian rehabilitaci\u00f3n de m\u00e1s de 60 calles en Soledad para el segundo semestre de 2025"},"content":{"rendered":"\n<p>M\u00e1s de 60 calles ser\u00e1n rehabilitadas con concreto hidr\u00e1ulico en Soledad de Graciano S\u00e1nchez durante la segunda mitad del a\u00f1o, como parte de un plan integral de pavimentaci\u00f3n impulsado por el Gobierno Municipal para mejorar la infraestructura urbana y elevar la calidad de vida de las familias.<\/p>\n\n\n\n<p>El presidente municipal, Juan Manuel Navarro Mu\u00f1iz, detall\u00f3 que esta nueva etapa de obra p\u00fablica forma parte del compromiso asumido desde el inicio de su administraci\u00f3n: llevar pavimentaci\u00f3n a todas las colonias y comunidades del municipio, priorizando vialidades con mayor deterioro o que hist\u00f3ricamente han carecido de pavimento.<\/p>\n\n\n\n<p>Las acciones se ejecutar\u00e1n con recursos municipales y estatales, adem\u00e1s de contemplar la instalaci\u00f3n de sistemas de iluminaci\u00f3n LED para aumentar la seguridad y funcionalidad de las calles intervenidas.<\/p>\n\n\n\n<p>El alcalde reconoci\u00f3 el respaldo del gobernador Ricardo Gallardo Cardona en este esfuerzo conjunto y subray\u00f3 que las nuevas obras cumplir\u00e1n con altos est\u00e1ndares de calidad. Adem\u00e1s, destac\u00f3 que una administraci\u00f3n financiera responsable ha permitido destinar recursos suficientes para consolidar este programa de pavimentaci\u00f3n sin precedentes en el municipio.<\/p>\n\n\n\n<p>\u201cEste esfuerzo responde directamente a las demandas ciudadanas. Estamos transformando Soledad con acciones concretas que mejoran el entorno urbano y fortalecen el bienestar de sus habitantes\u201d, expres\u00f3 Navarro Mu\u00f1iz.<\/p>\n\n\n\n<p>El Gobierno Municipal reiter\u00f3 su compromiso con la ciudadan\u00eda, asegurando que continuar\u00e1 atendiendo con hechos las necesidades m\u00e1s sentidas en materia de infraestructura, consolidando as\u00ed una transformaci\u00f3n palpable en la vida diaria de las y los soledenses.<\/p>\n","protected":false},"excerpt":{"rendered":"<p>M\u00e1s de 60 calles ser\u00e1n rehabilitadas con concreto hidr\u00e1ulico en Soledad de Graciano S\u00e1nchez durante la segunda mitad del a\u00f1o, como parte de un plan integral de pavimentaci\u00f3n impulsado por el Gobierno Municipal para mejorar la infraestructura urbana y elevar la calidad de vida de las familias. El presidente municipal, Juan Manuel Navarro Mu\u00f1iz, detall\u00f3 [&hellip;]<\/p>\n","protected":false},"author":1,"featured_media":20152,"comment_status":"open","ping_status":"open","sticky":false,"template":"","format":"standard","meta":{"footnotes":""},"categories":[24,21],"tags":[3667,261,27],"class_list":{"0":"post-20151","1":"post","2":"type-post","3":"status-publish","4":"format-standard","5":"has-post-thumbnail","7":"category-informacion-general","8":"category-tu-soledad","9":"tag-rehabilitacion-de-calles","10":"tag-slp","11":"tag-soledad"},"_links":{"self":[{"href":"https:\/\/cronicadesoledad.com\/index.php\/wp-json\/wp\/v2\/posts\/20151","targetHints":{"allow":["GET"]}}],"collection":[{"href":"https:\/\/cronicadesoledad.com\/index.php\/wp-json\/wp\/v2\/posts"}],"about":[{"href":"https:\/\/cronicadesoledad.com\/index.php\/wp-json\/wp\/v2\/types\/post"}],"author":[{"embeddable":true,"href":"https:\/\/cronicadesoledad.com\/index.php\/wp-json\/wp\/v2\/users\/1"}],"replies":[{"embeddable":true,"href":"https:\/\/cronicadesoledad.com\/index.php\/wp-json\/wp\/v2\/comments?post=20151"}],"version-history":[{"count":1,"href":"https:\/\/cronicadesoledad.com\/index.php\/wp-json\/wp\/v2\/posts\/20151\/revisions"}],"predecessor-version":[{"id":20153,"href":"https:\/\/cronicadesoledad.com\/index.php\/wp-json\/wp\/v2\/posts\/20151\/revisions\/20153"}],"wp:featuredmedia":[{"embeddable":true,"href":"https:\/\/cronicadesoledad.com\/index.php\/wp-json\/wp\/v2\/media\/20152"}],"wp:attachment":[{"href":"https:\/\/cronicadesoledad.com\/index.php\/wp-json\/wp\/v2\/media?parent=20151"}],"wp:term":[{"taxonomy":"category","embeddable":true,"href":"https:\/\/cronicadesoledad.com\/index.php\/wp-json\/wp\/v2\/categories?post=20151"},{"taxonomy":"post_tag","embeddable":true,"href":"https:\/\/cronicadesoledad.com\/index.php\/wp-json\/wp\/v2\/tags?post=20151"}],"curies":[{"name":"wp","href":"https:\/\/api.w.org\/{rel}","templated":true}]}}