{"id":20177,"date":"2025-06-18T17:16:13","date_gmt":"2025-06-18T23:16:13","guid":{"rendered":"https:\/\/cronicadesoledad.com\/?p=20177"},"modified":"2025-06-18T17:16:13","modified_gmt":"2025-06-18T23:16:13","slug":"celebran-legado-de-ramon-lopez-velarde-en-primaria-de-villa-de-pozos","status":"publish","type":"post","link":"https:\/\/cronicadesoledad.com\/index.php\/2025\/06\/18\/celebran-legado-de-ramon-lopez-velarde-en-primaria-de-villa-de-pozos\/","title":{"rendered":"Celebran legado de Ram\u00f3n L\u00f3pez Velarde en primaria de Villa de Pozos"},"content":{"rendered":"\n<p>Con el firme prop\u00f3sito de mantener viva la memoria literaria nacional y fortalecer el arraigo cultural entre las nuevas generaciones, el Gobierno de Villa de Pozos, a trav\u00e9s de la Direcci\u00f3n de Educaci\u00f3n, conmemor\u00f3 el natalicio del poeta Ram\u00f3n L\u00f3pez Velarde en la escuela primaria \u201cFrancisco I. Madero\u201d.<\/p>\n\n\n\n<p>Durante el evento, alumnas y alumnos participaron con entusiasmo en la declamaci\u00f3n del c\u00e9lebre poema \u201cSuave Patria\u201d, una de las obras m\u00e1s representativas del autor zacatecano, considerado un s\u00edmbolo de la poes\u00eda nacional. Adem\u00e1s, se comparti\u00f3 una breve rese\u00f1a biogr\u00e1fica del poeta, destacando los aspectos m\u00e1s relevantes de su vida y obra, con el objetivo de enriquecer el conocimiento literario entre la comunidad escolar.<\/p>\n\n\n\n<p>Autoridades educativas presentes destacaron el compromiso del gobierno pozano en el impulso de actividades que refuerzan la identidad cultural de ni\u00f1as y ni\u00f1os, y celebraron que este tipo de acciones contribuyan a preservar el legado literario mexicano desde edades tempranas.<\/p>\n","protected":false},"excerpt":{"rendered":"<p>Con el firme prop\u00f3sito de mantener viva la memoria literaria nacional y fortalecer el arraigo cultural entre las nuevas generaciones, el Gobierno de Villa de Pozos, a trav\u00e9s de la Direcci\u00f3n de Educaci\u00f3n, conmemor\u00f3 el natalicio del poeta Ram\u00f3n L\u00f3pez Velarde en la escuela primaria \u201cFrancisco I. Madero\u201d. Durante el evento, alumnas y alumnos participaron [&hellip;]<\/p>\n","protected":false},"author":1,"featured_media":20178,"comment_status":"open","ping_status":"open","sticky":false,"template":"","format":"standard","meta":{"footnotes":""},"categories":[3171,3240,24,3175],"tags":[334,4489,294,261,1068],"class_list":{"0":"post-20177","1":"post","2":"type-post","3":"status-publish","4":"format-standard","5":"has-post-thumbnail","7":"category-cultura","8":"category-educacion","9":"category-informacion-general","10":"category-pozos","11":"tag-cultura","12":"tag-ramon-lopez-velarde","13":"tag-san-luis","14":"tag-slp","15":"tag-villa-de-pozos"},"_links":{"self":[{"href":"https:\/\/cronicadesoledad.com\/index.php\/wp-json\/wp\/v2\/posts\/20177","targetHints":{"allow":["GET"]}}],"collection":[{"href":"https:\/\/cronicadesoledad.com\/index.php\/wp-json\/wp\/v2\/posts"}],"about":[{"href":"https:\/\/cronicadesoledad.com\/index.php\/wp-json\/wp\/v2\/types\/post"}],"author":[{"embeddable":true,"href":"https:\/\/cronicadesoledad.com\/index.php\/wp-json\/wp\/v2\/users\/1"}],"replies":[{"embeddable":true,"href":"https:\/\/cronicadesoledad.com\/index.php\/wp-json\/wp\/v2\/comments?post=20177"}],"version-history":[{"count":1,"href":"https:\/\/cronicadesoledad.com\/index.php\/wp-json\/wp\/v2\/posts\/20177\/revisions"}],"predecessor-version":[{"id":20179,"href":"https:\/\/cronicadesoledad.com\/index.php\/wp-json\/wp\/v2\/posts\/20177\/revisions\/20179"}],"wp:featuredmedia":[{"embeddable":true,"href":"https:\/\/cronicadesoledad.com\/index.php\/wp-json\/wp\/v2\/media\/20178"}],"wp:attachment":[{"href":"https:\/\/cronicadesoledad.com\/index.php\/wp-json\/wp\/v2\/media?parent=20177"}],"wp:term":[{"taxonomy":"category","embeddable":true,"href":"https:\/\/cronicadesoledad.com\/index.php\/wp-json\/wp\/v2\/categories?post=20177"},{"taxonomy":"post_tag","embeddable":true,"href":"https:\/\/cronicadesoledad.com\/index.php\/wp-json\/wp\/v2\/tags?post=20177"}],"curies":[{"name":"wp","href":"https:\/\/api.w.org\/{rel}","templated":true}]}}