{"id":20205,"date":"2025-06-19T18:30:00","date_gmt":"2025-06-20T00:30:00","guid":{"rendered":"https:\/\/cronicadesoledad.com\/?p=20205"},"modified":"2025-06-19T16:40:22","modified_gmt":"2025-06-19T22:40:22","slug":"dif-organizo-la-feria-de-la-salud-en-tamasopo","status":"publish","type":"post","link":"https:\/\/cronicadesoledad.com\/index.php\/2025\/06\/19\/dif-organizo-la-feria-de-la-salud-en-tamasopo\/","title":{"rendered":"DIF organiz\u00f3 la Feria de la Salud en Tamasopo"},"content":{"rendered":"\n<p>El Sistema Estatal para el Desarrollo Integral de la Familia (DIF) llev\u00f3 a cabo una Feria de la Salud en el municipio de Tamasopo, donde se brindaron servicios m\u00e9dicos gratuitos, entrega de medicamentos, asesor\u00eda nutricional y actividades de promoci\u00f3n de la salud a m\u00e1s de 400 personas.<\/p>\n\n\n\n<p>Durante la jornada se impartieron pl\u00e1ticas sobre la importancia de una alimentaci\u00f3n saludable y la actividad f\u00edsica como medidas preventivas para mejorar la calidad de vida y reducir riesgos de enfermedades. El evento se enmarca en los programas de atenci\u00f3n social que el DIF implementa en distintas regiones del estado.<\/p>\n\n\n\n<p>La directora general del organismo, Virginia Z\u00fa\u00f1iga Maldonado, se\u00f1al\u00f3 que estas acciones forman parte del compromiso institucional de extender servicios de atenci\u00f3n y prevenci\u00f3n a las comunidades del estado, con el objetivo de acercar recursos de salud a la poblaci\u00f3n en general.<\/p>\n","protected":false},"excerpt":{"rendered":"<p>El Sistema Estatal para el Desarrollo Integral de la Familia (DIF) llev\u00f3 a cabo una Feria de la Salud en el municipio de Tamasopo, donde se brindaron servicios m\u00e9dicos gratuitos, entrega de medicamentos, asesor\u00eda nutricional y actividades de promoci\u00f3n de la salud a m\u00e1s de 400 personas. Durante la jornada se impartieron pl\u00e1ticas sobre la [&hellip;]<\/p>\n","protected":false},"author":1,"featured_media":20206,"comment_status":"open","ping_status":"open","sticky":false,"template":"","format":"standard","meta":{"footnotes":""},"categories":[24,3080],"tags":[383,450,261,4182],"class_list":{"0":"post-20205","1":"post","2":"type-post","3":"status-publish","4":"format-standard","5":"has-post-thumbnail","7":"category-informacion-general","8":"category-slp","9":"tag-dif-estatal","10":"tag-feria-de-la-salud","11":"tag-slp","12":"tag-tamasopo"},"_links":{"self":[{"href":"https:\/\/cronicadesoledad.com\/index.php\/wp-json\/wp\/v2\/posts\/20205","targetHints":{"allow":["GET"]}}],"collection":[{"href":"https:\/\/cronicadesoledad.com\/index.php\/wp-json\/wp\/v2\/posts"}],"about":[{"href":"https:\/\/cronicadesoledad.com\/index.php\/wp-json\/wp\/v2\/types\/post"}],"author":[{"embeddable":true,"href":"https:\/\/cronicadesoledad.com\/index.php\/wp-json\/wp\/v2\/users\/1"}],"replies":[{"embeddable":true,"href":"https:\/\/cronicadesoledad.com\/index.php\/wp-json\/wp\/v2\/comments?post=20205"}],"version-history":[{"count":1,"href":"https:\/\/cronicadesoledad.com\/index.php\/wp-json\/wp\/v2\/posts\/20205\/revisions"}],"predecessor-version":[{"id":20207,"href":"https:\/\/cronicadesoledad.com\/index.php\/wp-json\/wp\/v2\/posts\/20205\/revisions\/20207"}],"wp:featuredmedia":[{"embeddable":true,"href":"https:\/\/cronicadesoledad.com\/index.php\/wp-json\/wp\/v2\/media\/20206"}],"wp:attachment":[{"href":"https:\/\/cronicadesoledad.com\/index.php\/wp-json\/wp\/v2\/media?parent=20205"}],"wp:term":[{"taxonomy":"category","embeddable":true,"href":"https:\/\/cronicadesoledad.com\/index.php\/wp-json\/wp\/v2\/categories?post=20205"},{"taxonomy":"post_tag","embeddable":true,"href":"https:\/\/cronicadesoledad.com\/index.php\/wp-json\/wp\/v2\/tags?post=20205"}],"curies":[{"name":"wp","href":"https:\/\/api.w.org\/{rel}","templated":true}]}}