{"id":20233,"date":"2025-06-20T14:16:50","date_gmt":"2025-06-20T20:16:50","guid":{"rendered":"https:\/\/cronicadesoledad.com\/?p=20233"},"modified":"2025-06-20T14:16:50","modified_gmt":"2025-06-20T20:16:50","slug":"trabajo-interinstitucional-en-villa-de-pozos-ante-temporada-de-lluvias","status":"publish","type":"post","link":"https:\/\/cronicadesoledad.com\/index.php\/2025\/06\/20\/trabajo-interinstitucional-en-villa-de-pozos-ante-temporada-de-lluvias\/","title":{"rendered":"Trabajo interinstitucional en Villa de Pozos ante temporada de lluvias"},"content":{"rendered":"\n<p>Con el objetivo de enfrentar de manera eficiente la temporada de lluvias y derivado de la tormenta tropical &#8220;Erick&#8221;, que afectar\u00e1 al Estado potosino, el Gobierno de Villa de Pozos llev\u00f3 a cabo una mesa de trabajo en la que participaron diversas direcciones municipales, con el fin de coordinar esfuerzos y mejorar la atenci\u00f3n a la poblaci\u00f3n durante este eventos meteorol\u00f3gicos.<\/p>\n\n\n\n<p>La Presidenta Concejal, Teresa Rivera Acevedo, explic\u00f3 que, se cont\u00f3 con la participaci\u00f3n de diversas direcciones como Protecci\u00f3n Civil, Participaci\u00f3n Ciudadana, Guardia Civil Municipal, Servicios Municipales y Ecolog\u00eda, entre otras, para reforzar la colaboraci\u00f3n interinstitucional y asegurar una respuesta oportuna ante cualquier eventualidad.<\/p>\n\n\n\n<p>Durante la mesa de trabajo, se identificaron tres zonas prioritarias en las que se ha estado trabajando para prevenir inundaciones: Las Mercedes, Mercedes II y Cielo Claro, sin descuidar las restantes y se destac\u00f3 la importancia de trabajar de la mano con las Juntas de Participaci\u00f3n Ciudadana para involucrar a la poblaci\u00f3n en las acciones preventivas y lograr un impacto m\u00e1s efectivo.<\/p>\n\n\n\n<p>Como parte de las estrategias para mitigar los efectos de las lluvias, se contempla el uso de equipos como camiones volteo y costales con tierra para reforzar las \u00e1reas vulnerables y evitar que el agua ingrese a los hogares de los vecinos, asimismo, se continuar\u00e1 con la limpieza de drenajes en las zonas de mayor riesgo.<\/p>\n","protected":false},"excerpt":{"rendered":"<p>Con el objetivo de enfrentar de manera eficiente la temporada de lluvias y derivado de la tormenta tropical &#8220;Erick&#8221;, que afectar\u00e1 al Estado potosino, el Gobierno de Villa de Pozos llev\u00f3 a cabo una mesa de trabajo en la que participaron diversas direcciones municipales, con el fin de coordinar esfuerzos y mejorar la atenci\u00f3n a [&hellip;]<\/p>\n","protected":false},"author":1,"featured_media":20234,"comment_status":"open","ping_status":"open","sticky":false,"template":"","format":"standard","meta":{"footnotes":""},"categories":[24,3175,19],"tags":[294,276,261,4313,1068],"class_list":{"0":"post-20233","1":"post","2":"type-post","3":"status-publish","4":"format-standard","5":"has-post-thumbnail","7":"category-informacion-general","8":"category-pozos","9":"category-seguridad","10":"tag-san-luis","11":"tag-seguridad","12":"tag-slp","13":"tag-temporada-de-lluvias","14":"tag-villa-de-pozos"},"_links":{"self":[{"href":"https:\/\/cronicadesoledad.com\/index.php\/wp-json\/wp\/v2\/posts\/20233","targetHints":{"allow":["GET"]}}],"collection":[{"href":"https:\/\/cronicadesoledad.com\/index.php\/wp-json\/wp\/v2\/posts"}],"about":[{"href":"https:\/\/cronicadesoledad.com\/index.php\/wp-json\/wp\/v2\/types\/post"}],"author":[{"embeddable":true,"href":"https:\/\/cronicadesoledad.com\/index.php\/wp-json\/wp\/v2\/users\/1"}],"replies":[{"embeddable":true,"href":"https:\/\/cronicadesoledad.com\/index.php\/wp-json\/wp\/v2\/comments?post=20233"}],"version-history":[{"count":1,"href":"https:\/\/cronicadesoledad.com\/index.php\/wp-json\/wp\/v2\/posts\/20233\/revisions"}],"predecessor-version":[{"id":20235,"href":"https:\/\/cronicadesoledad.com\/index.php\/wp-json\/wp\/v2\/posts\/20233\/revisions\/20235"}],"wp:featuredmedia":[{"embeddable":true,"href":"https:\/\/cronicadesoledad.com\/index.php\/wp-json\/wp\/v2\/media\/20234"}],"wp:attachment":[{"href":"https:\/\/cronicadesoledad.com\/index.php\/wp-json\/wp\/v2\/media?parent=20233"}],"wp:term":[{"taxonomy":"category","embeddable":true,"href":"https:\/\/cronicadesoledad.com\/index.php\/wp-json\/wp\/v2\/categories?post=20233"},{"taxonomy":"post_tag","embeddable":true,"href":"https:\/\/cronicadesoledad.com\/index.php\/wp-json\/wp\/v2\/tags?post=20233"}],"curies":[{"name":"wp","href":"https:\/\/api.w.org\/{rel}","templated":true}]}}