{"id":20236,"date":"2025-06-23T03:05:00","date_gmt":"2025-06-23T09:05:00","guid":{"rendered":"https:\/\/cronicadesoledad.com\/?p=20236"},"modified":"2025-06-23T00:27:19","modified_gmt":"2025-06-23T06:27:19","slug":"villa-de-pozos-rescatara-areas-verdes-en-el-municipio","status":"publish","type":"post","link":"https:\/\/cronicadesoledad.com\/index.php\/2025\/06\/23\/villa-de-pozos-rescatara-areas-verdes-en-el-municipio\/","title":{"rendered":"Rescatar\u00e1n \u00e1reas verdes en el municipio"},"content":{"rendered":"\n<p>Con el compromiso de fortalecer los espacios p\u00fablicos y fomentar el cuidado del medio ambiente, el Gobierno de Villa de Pozos recibi\u00f3 una significativa donaci\u00f3n de aproximadamente 7 mil pl\u00e1ntulas de \u00e1rboles por parte del programa forestal de la Secretar\u00eda de Ecolog\u00eda y Gesti\u00f3n Ambiental (SEGAM) del Gobierno del Estado.<\/p>\n\n\n\n<p>El director de Ecolog\u00eda y Manejo de Residuos, Alejandro Leal Espinosa, detall\u00f3 que estas pl\u00e1ntulas, \u00e1rboles en etapa de crecimiento, incluyen especies como jacarandas, \u00e9bano, caudilla, pirul chino, lluvia de oro y palma real, las cuales contribuir\u00e1n al embellecimiento urbano y a la regeneraci\u00f3n ambiental del municipio.<\/p>\n\n\n\n<p>Estas pl\u00e1ntulas requieren un proceso previo de trasplante en vivero, para fortalecer sus ra\u00edces y garantizar su adaptaci\u00f3n al suelo en \u00e1reas verdes p\u00fablicas, explic\u00f3 Leal Espinosa, quien mencion\u00f3 que esta acci\u00f3n se suma a la reciente donaci\u00f3n de m\u00e1s de 350 plantas otorgadas por la empresa Petroqu\u00edmica de Aceites, que ser\u00e1n utilizadas para rehabilitar zonas verdes previamente abandonadas.<\/p>\n\n\n\n<p>Por su parte, la Direcci\u00f3n de Parques y Jardines realizar\u00e1 labores de limpieza y recuperaci\u00f3n de espacios antes de su plantaci\u00f3n y el Gobierno Municipal trabajar\u00e1 de manera conjunta con escuelas y habitantes de Villa de Pozos, quienes podr\u00e1n sugerir los lugares m\u00e1s adecuados para plantar estas nuevas especies y contribuir as\u00ed a una reforestaci\u00f3n participativa y sostenible.<\/p>\n","protected":false},"excerpt":{"rendered":"<p>Con el compromiso de fortalecer los espacios p\u00fablicos y fomentar el cuidado del medio ambiente, el Gobierno de Villa de Pozos recibi\u00f3 una significativa donaci\u00f3n de aproximadamente 7 mil pl\u00e1ntulas de \u00e1rboles por parte del programa forestal de la Secretar\u00eda de Ecolog\u00eda y Gesti\u00f3n Ambiental (SEGAM) del Gobierno del Estado. El director de Ecolog\u00eda y [&hellip;]<\/p>\n","protected":false},"author":1,"featured_media":20237,"comment_status":"open","ping_status":"open","sticky":false,"template":"","format":"standard","meta":{"footnotes":""},"categories":[1,24,3175],"tags":[729,2137,294,261,1068],"class_list":{"0":"post-20236","1":"post","2":"type-post","3":"status-publish","4":"format-standard","5":"has-post-thumbnail","7":"category-destacadas","8":"category-informacion-general","9":"category-pozos","10":"tag-areas-verdes","11":"tag-ecologia-2","12":"tag-san-luis","13":"tag-slp","14":"tag-villa-de-pozos"},"_links":{"self":[{"href":"https:\/\/cronicadesoledad.com\/index.php\/wp-json\/wp\/v2\/posts\/20236","targetHints":{"allow":["GET"]}}],"collection":[{"href":"https:\/\/cronicadesoledad.com\/index.php\/wp-json\/wp\/v2\/posts"}],"about":[{"href":"https:\/\/cronicadesoledad.com\/index.php\/wp-json\/wp\/v2\/types\/post"}],"author":[{"embeddable":true,"href":"https:\/\/cronicadesoledad.com\/index.php\/wp-json\/wp\/v2\/users\/1"}],"replies":[{"embeddable":true,"href":"https:\/\/cronicadesoledad.com\/index.php\/wp-json\/wp\/v2\/comments?post=20236"}],"version-history":[{"count":3,"href":"https:\/\/cronicadesoledad.com\/index.php\/wp-json\/wp\/v2\/posts\/20236\/revisions"}],"predecessor-version":[{"id":20299,"href":"https:\/\/cronicadesoledad.com\/index.php\/wp-json\/wp\/v2\/posts\/20236\/revisions\/20299"}],"wp:featuredmedia":[{"embeddable":true,"href":"https:\/\/cronicadesoledad.com\/index.php\/wp-json\/wp\/v2\/media\/20237"}],"wp:attachment":[{"href":"https:\/\/cronicadesoledad.com\/index.php\/wp-json\/wp\/v2\/media?parent=20236"}],"wp:term":[{"taxonomy":"category","embeddable":true,"href":"https:\/\/cronicadesoledad.com\/index.php\/wp-json\/wp\/v2\/categories?post=20236"},{"taxonomy":"post_tag","embeddable":true,"href":"https:\/\/cronicadesoledad.com\/index.php\/wp-json\/wp\/v2\/tags?post=20236"}],"curies":[{"name":"wp","href":"https:\/\/api.w.org\/{rel}","templated":true}]}}