{"id":20239,"date":"2025-06-20T16:30:00","date_gmt":"2025-06-20T22:30:00","guid":{"rendered":"https:\/\/cronicadesoledad.com\/?p=20239"},"modified":"2025-06-20T14:30:44","modified_gmt":"2025-06-20T20:30:44","slug":"villa-de-pozos-impulsa-regularizacion-fiscal","status":"publish","type":"post","link":"https:\/\/cronicadesoledad.com\/index.php\/2025\/06\/20\/villa-de-pozos-impulsa-regularizacion-fiscal\/","title":{"rendered":"Villa de Pozos impulsa regularizaci\u00f3n fiscal"},"content":{"rendered":"\n<p>Como parte de las acciones para mantener el orden patrimonial en el municipio, la Presidenta Concejal, Teresa Rivera Acevedo, quien encabeza el Gobierno de Villa de Pozos, destac\u00f3 la importancia del est\u00edmulo fiscal de hasta el 90% en los adeudos del impuesto predial anteriores al a\u00f1o 2024 a propietarios de predios habitacionales.<\/p>\n\n\n\n<p>La iniciativa, que fue avalada por el Congreso del Estado, brindar\u00e1 una oportunidad de regularizaci\u00f3n a las y los ciudadanos que por diversos motivos no hab\u00edan podido ponerse al corriente con sus obligaciones fiscales.<\/p>\n\n\n\n<p>La Presidenta Concejal, se\u00f1al\u00f3 que m\u00e1s del 50% de la poblaci\u00f3n de Villa de Pozos presenta alg\u00fan tipo de rezago en el pago del predial, herencia de una prolongada falta de atenci\u00f3n administrativa hacia la localidad durante m\u00e1s de tres d\u00e9cadas.<\/p>\n\n\n\n<p>Rivera Acevedo, record\u00f3 que, durante el primer trimestre del 2025, Villa de Pozos recaud\u00f3 m\u00e1s de 30 millones de pesos de impuesto predial, los cuales ya se ven reflejados en obras y acciones que son de beneficio para las y los poce\u00f1os como rehabilitaci\u00f3n de calles y espacios p\u00fablicos.<\/p>\n","protected":false},"excerpt":{"rendered":"<p>Como parte de las acciones para mantener el orden patrimonial en el municipio, la Presidenta Concejal, Teresa Rivera Acevedo, quien encabeza el Gobierno de Villa de Pozos, destac\u00f3 la importancia del est\u00edmulo fiscal de hasta el 90% en los adeudos del impuesto predial anteriores al a\u00f1o 2024 a propietarios de predios habitacionales. La iniciativa, que [&hellip;]<\/p>\n","protected":false},"author":1,"featured_media":20240,"comment_status":"open","ping_status":"open","sticky":false,"template":"","format":"standard","meta":{"footnotes":""},"categories":[24,3175],"tags":[3357,4500,294,261,1068],"class_list":{"0":"post-20239","1":"post","2":"type-post","3":"status-publish","4":"format-standard","5":"has-post-thumbnail","7":"category-informacion-general","8":"category-pozos","9":"tag-economia-2","10":"tag-regularizacion-fiscal","11":"tag-san-luis","12":"tag-slp","13":"tag-villa-de-pozos"},"_links":{"self":[{"href":"https:\/\/cronicadesoledad.com\/index.php\/wp-json\/wp\/v2\/posts\/20239","targetHints":{"allow":["GET"]}}],"collection":[{"href":"https:\/\/cronicadesoledad.com\/index.php\/wp-json\/wp\/v2\/posts"}],"about":[{"href":"https:\/\/cronicadesoledad.com\/index.php\/wp-json\/wp\/v2\/types\/post"}],"author":[{"embeddable":true,"href":"https:\/\/cronicadesoledad.com\/index.php\/wp-json\/wp\/v2\/users\/1"}],"replies":[{"embeddable":true,"href":"https:\/\/cronicadesoledad.com\/index.php\/wp-json\/wp\/v2\/comments?post=20239"}],"version-history":[{"count":1,"href":"https:\/\/cronicadesoledad.com\/index.php\/wp-json\/wp\/v2\/posts\/20239\/revisions"}],"predecessor-version":[{"id":20241,"href":"https:\/\/cronicadesoledad.com\/index.php\/wp-json\/wp\/v2\/posts\/20239\/revisions\/20241"}],"wp:featuredmedia":[{"embeddable":true,"href":"https:\/\/cronicadesoledad.com\/index.php\/wp-json\/wp\/v2\/media\/20240"}],"wp:attachment":[{"href":"https:\/\/cronicadesoledad.com\/index.php\/wp-json\/wp\/v2\/media?parent=20239"}],"wp:term":[{"taxonomy":"category","embeddable":true,"href":"https:\/\/cronicadesoledad.com\/index.php\/wp-json\/wp\/v2\/categories?post=20239"},{"taxonomy":"post_tag","embeddable":true,"href":"https:\/\/cronicadesoledad.com\/index.php\/wp-json\/wp\/v2\/tags?post=20239"}],"curies":[{"name":"wp","href":"https:\/\/api.w.org\/{rel}","templated":true}]}}