{"id":20295,"date":"2025-06-23T03:04:00","date_gmt":"2025-06-23T09:04:00","guid":{"rendered":"https:\/\/cronicadesoledad.com\/?p=20295"},"modified":"2025-06-23T00:16:53","modified_gmt":"2025-06-23T06:16:53","slug":"dos-detenidos-por-violencia-familiar","status":"publish","type":"post","link":"https:\/\/cronicadesoledad.com\/index.php\/2025\/06\/23\/dos-detenidos-por-violencia-familiar\/","title":{"rendered":"Dos detenidos por violencia familiar"},"content":{"rendered":"\n<p>El primer auxilio se atendi\u00f3 en un domicilio de la calle Flor de Liz, en la colonia La Constancia, donde agentes municipales fueron recibidos por una mujer, quien se\u00f1al\u00f3 a su ex pareja de haberla agredido f\u00edsica y verbalmente, manifestando su deseo de proceder legalmente en su contra, despu\u00e9s de varios minutos de di\u00e1logo se identific\u00f3 como \u00c1ngel &#8220;N&#8221; de 53 a\u00f1os de edad.<\/p>\n\n\n\n<p>Por otro lado, al dar respuesta a a\u00fan reporte ciudadano en la Avenida Valent\u00edn Amador, a la altura de la colonia El Morro, oficiales municipales observaron a un sujeto que agred\u00eda f\u00edsicamente a una mujer, por lo que procedieron conforme al debido protocolo de actuaci\u00f3n, mientras que la parte afectada pidi\u00f3 proceder legalmente en contra del hombre, quien dijo llamarse Jos\u00e9 &#8220;N&#8221; de 30 a\u00f1os de edad.<\/p>\n\n\n\n<p>A los dos se les hizo saber que ser\u00edan detenidos por presunta violencia familiar, adem\u00e1s les informaron los derechos que les asisten; los infractores fueron trasladados a Barandilla Municipal donde los certific\u00f3 el m\u00e9dico legista, para despu\u00e9s ponerlos a disposici\u00f3n de la Fiscal\u00eda General del Estado de San Luis Potos\u00ed (FGESLP).<\/p>\n","protected":false},"excerpt":{"rendered":"<p>El primer auxilio se atendi\u00f3 en un domicilio de la calle Flor de Liz, en la colonia La Constancia, donde agentes municipales fueron recibidos por una mujer, quien se\u00f1al\u00f3 a su ex pareja de haberla agredido f\u00edsica y verbalmente, manifestando su deseo de proceder legalmente en su contra, despu\u00e9s de varios minutos de di\u00e1logo se [&hellip;]<\/p>\n","protected":false},"author":2,"featured_media":688,"comment_status":"open","ping_status":"open","sticky":false,"template":"","format":"standard","meta":{"footnotes":""},"categories":[1,24,19,21],"tags":[470,294,276,261,27,1900],"class_list":{"0":"post-20295","1":"post","2":"type-post","3":"status-publish","4":"format-standard","5":"has-post-thumbnail","7":"category-destacadas","8":"category-informacion-general","9":"category-seguridad","10":"category-tu-soledad","11":"tag-detenidos","12":"tag-san-luis","13":"tag-seguridad","14":"tag-slp","15":"tag-soledad","16":"tag-violencia-familiar"},"_links":{"self":[{"href":"https:\/\/cronicadesoledad.com\/index.php\/wp-json\/wp\/v2\/posts\/20295","targetHints":{"allow":["GET"]}}],"collection":[{"href":"https:\/\/cronicadesoledad.com\/index.php\/wp-json\/wp\/v2\/posts"}],"about":[{"href":"https:\/\/cronicadesoledad.com\/index.php\/wp-json\/wp\/v2\/types\/post"}],"author":[{"embeddable":true,"href":"https:\/\/cronicadesoledad.com\/index.php\/wp-json\/wp\/v2\/users\/2"}],"replies":[{"embeddable":true,"href":"https:\/\/cronicadesoledad.com\/index.php\/wp-json\/wp\/v2\/comments?post=20295"}],"version-history":[{"count":1,"href":"https:\/\/cronicadesoledad.com\/index.php\/wp-json\/wp\/v2\/posts\/20295\/revisions"}],"predecessor-version":[{"id":20296,"href":"https:\/\/cronicadesoledad.com\/index.php\/wp-json\/wp\/v2\/posts\/20295\/revisions\/20296"}],"wp:featuredmedia":[{"embeddable":true,"href":"https:\/\/cronicadesoledad.com\/index.php\/wp-json\/wp\/v2\/media\/688"}],"wp:attachment":[{"href":"https:\/\/cronicadesoledad.com\/index.php\/wp-json\/wp\/v2\/media?parent=20295"}],"wp:term":[{"taxonomy":"category","embeddable":true,"href":"https:\/\/cronicadesoledad.com\/index.php\/wp-json\/wp\/v2\/categories?post=20295"},{"taxonomy":"post_tag","embeddable":true,"href":"https:\/\/cronicadesoledad.com\/index.php\/wp-json\/wp\/v2\/tags?post=20295"}],"curies":[{"name":"wp","href":"https:\/\/api.w.org\/{rel}","templated":true}]}}