{"id":20319,"date":"2025-06-23T18:30:00","date_gmt":"2025-06-24T00:30:00","guid":{"rendered":"https:\/\/cronicadesoledad.com\/?p=20319"},"modified":"2025-06-23T18:04:06","modified_gmt":"2025-06-24T00:04:06","slug":"abren-registro-2025-del-programa-mi-pase-para-estudiantes-en-san-luis-potosi","status":"publish","type":"post","link":"https:\/\/cronicadesoledad.com\/index.php\/2025\/06\/23\/abren-registro-2025-del-programa-mi-pase-para-estudiantes-en-san-luis-potosi\/","title":{"rendered":"Abren registro 2025 del programa \u201cMi Pase\u201d para estudiantes en San Luis Potos\u00ed"},"content":{"rendered":"\n<p>El Gobierno del Estado de San Luis Potos\u00ed, a trav\u00e9s de la Secretar\u00eda de Comunicaciones y Transportes (SCT), abri\u00f3 del 14 al 21 de junio el periodo de registro para el programa \u201cMi Pase\u201d 2025, dirigido a estudiantes universitarios de nuevo ingreso y en renovaci\u00f3n. La iniciativa busca facilitar el acceso al transporte p\u00fablico como parte del impulso a la educaci\u00f3n superior y a la movilidad incluyente.<\/p>\n\n\n\n<p>La convocatoria forma parte de las acciones implementadas por la administraci\u00f3n estatal para garantizar que los j\u00f3venes no enfrenten obst\u00e1culos econ\u00f3micos en su formaci\u00f3n acad\u00e9mica. Por indicaciones del gobernador Ricardo Gallardo Cardona, el programa se consolida como una herramienta estrat\u00e9gica para fortalecer el acceso a la educaci\u00f3n mediante un sistema de transporte accesible, seguro y gratuito.<\/p>\n\n\n\n<p>El registro se realiz\u00f3 en l\u00ednea a trav\u00e9s del portal oficial <a>mipase.sctslp.com<\/a>, donde m\u00e1s de 900 estudiantes completaron el proceso. Los aspirantes deb\u00edan subir documentos como identificaci\u00f3n oficial, CURP, comprobante de estudios, comprobante de domicilio y una fotograf\u00eda reciente, cumpliendo as\u00ed con los requisitos establecidos por la SCT.<\/p>\n\n\n\n<p>\u201cMi Pase\u201d representa una de las pol\u00edticas p\u00fablicas m\u00e1s destacadas en materia de movilidad estudiantil dentro del estado. Al eliminar el gasto en transporte para j\u00f3venes universitarios, el programa busca reducir la deserci\u00f3n escolar y promover la equidad en el acceso a oportunidades educativas, especialmente en regiones con menores niveles de conectividad y recursos econ\u00f3micos.<\/p>\n\n\n\n<p>Desde su implementaci\u00f3n, el programa ha sido bien recibido por instituciones educativas y padres de familia, quienes lo consideran un apoyo directo que impacta positivamente en el rendimiento escolar de los beneficiarios. En a\u00f1os anteriores, la cobertura se ha ampliado gradualmente, abarcando tambi\u00e9n a estudiantes de zonas rurales que se trasladan a zonas metropolitanas para continuar sus estudios.<\/p>\n\n\n\n<p>La administraci\u00f3n estatal ha se\u00f1alado que este tipo de acciones forman parte de una visi\u00f3n de largo plazo que combina desarrollo social, movilidad urbana y acceso equitativo a la educaci\u00f3n. \u201cMi Pase\u201d continuar\u00e1 vigente durante el ciclo escolar 2025\u20132026, con seguimiento puntual para asegurar que los beneficios lleguen a quienes m\u00e1s lo necesitan.<\/p>\n","protected":false},"excerpt":{"rendered":"<p>El Gobierno del Estado de San Luis Potos\u00ed, a trav\u00e9s de la Secretar\u00eda de Comunicaciones y Transportes (SCT), abri\u00f3 del 14 al 21 de junio el periodo de registro para el programa \u201cMi Pase\u201d 2025, dirigido a estudiantes universitarios de nuevo ingreso y en renovaci\u00f3n. La iniciativa busca facilitar el acceso al transporte p\u00fablico como [&hellip;]<\/p>\n","protected":false},"author":1,"featured_media":20320,"comment_status":"open","ping_status":"open","sticky":false,"template":"","format":"standard","meta":{"footnotes":""},"categories":[24,3163],"tags":[4509,1158,1579,261],"class_list":{"0":"post-20319","1":"post","2":"type-post","3":"status-publish","4":"format-standard","5":"has-post-thumbnail","7":"category-informacion-general","8":"category-san-luis-potosi","9":"tag-mi-pase","10":"tag-gobierno-del-estado","11":"tag-sct","12":"tag-slp"},"_links":{"self":[{"href":"https:\/\/cronicadesoledad.com\/index.php\/wp-json\/wp\/v2\/posts\/20319","targetHints":{"allow":["GET"]}}],"collection":[{"href":"https:\/\/cronicadesoledad.com\/index.php\/wp-json\/wp\/v2\/posts"}],"about":[{"href":"https:\/\/cronicadesoledad.com\/index.php\/wp-json\/wp\/v2\/types\/post"}],"author":[{"embeddable":true,"href":"https:\/\/cronicadesoledad.com\/index.php\/wp-json\/wp\/v2\/users\/1"}],"replies":[{"embeddable":true,"href":"https:\/\/cronicadesoledad.com\/index.php\/wp-json\/wp\/v2\/comments?post=20319"}],"version-history":[{"count":1,"href":"https:\/\/cronicadesoledad.com\/index.php\/wp-json\/wp\/v2\/posts\/20319\/revisions"}],"predecessor-version":[{"id":20321,"href":"https:\/\/cronicadesoledad.com\/index.php\/wp-json\/wp\/v2\/posts\/20319\/revisions\/20321"}],"wp:featuredmedia":[{"embeddable":true,"href":"https:\/\/cronicadesoledad.com\/index.php\/wp-json\/wp\/v2\/media\/20320"}],"wp:attachment":[{"href":"https:\/\/cronicadesoledad.com\/index.php\/wp-json\/wp\/v2\/media?parent=20319"}],"wp:term":[{"taxonomy":"category","embeddable":true,"href":"https:\/\/cronicadesoledad.com\/index.php\/wp-json\/wp\/v2\/categories?post=20319"},{"taxonomy":"post_tag","embeddable":true,"href":"https:\/\/cronicadesoledad.com\/index.php\/wp-json\/wp\/v2\/tags?post=20319"}],"curies":[{"name":"wp","href":"https:\/\/api.w.org\/{rel}","templated":true}]}}