{"id":20344,"date":"2025-06-23T23:30:00","date_gmt":"2025-06-24T05:30:00","guid":{"rendered":"https:\/\/cronicadesoledad.com\/?p=20344"},"modified":"2025-06-23T23:11:18","modified_gmt":"2025-06-24T05:11:18","slug":"villa-de-pozos-garantiza-aprendizaje-de-menores-durante-vacaciones","status":"publish","type":"post","link":"https:\/\/cronicadesoledad.com\/index.php\/2025\/06\/23\/villa-de-pozos-garantiza-aprendizaje-de-menores-durante-vacaciones\/","title":{"rendered":"Villa de Pozos garantiza aprendizaje de menores durante vacaciones"},"content":{"rendered":"\n<p>El Gobierno de Villa de Pozos, a trav\u00e9s del Sistema Municipal DIF, convoca a todas las ni\u00f1as y ni\u00f1os de entre 6 y 11 a\u00f1os a formar parte del \u201cCampamento de Verano 2025\u201d, una iniciativa dise\u00f1ada para ofrecer a la ni\u00f1ez del municipio un espacio seguro, divertido y enriquecedor durante sus vacaciones, que se llevar\u00e1 a cabo del 21 de julio al 1 de agosto en el \u00e1rea recreativa La Libertad, ubicada en la calle doctor Valent\u00edn G\u00f3mez Far\u00edas n\u00famero 125, en la colonia La Libertad, con un costo de recuperaci\u00f3n de 300 pesos.<\/p>\n\n\n\n<p>La presidenta del DIF Municipal, Laura Ang\u00e9lica Villanueva Hern\u00e1ndez, detall\u00f3 que el programa del campamento contempla dos semanas llenas de actividades l\u00fadicas, recreativas y deportivas, pensadas para estimular el aprendizaje, la convivencia y el sano desarrollo de las y los participantes, adem\u00e1s de pasar momentos agradables, los menores tendr\u00e1n la oportunidad de aprender mientras se divierten en un entorno seguro y supervisado.<\/p>\n\n\n\n<p>Las inscripciones estar\u00e1n abiertas del 1 al 4 de julio en las propias instalaciones del \u00e1rea recreativa La Libertad, en un horario de 9:00 a 13:00 horas y para completar el registro, se deber\u00e1 presentar el CURP del menor, comprobante de domicilio, identificaci\u00f3n oficial (INE) de los padres o tutores, as\u00ed como dos fotograf\u00edas del menor y dos de los padres.<\/p>\n\n\n\n<p>Villanueva Hern\u00e1ndez, se\u00f1al\u00f3 que para mayores informes es recomendable acudir directamente a las oficinas del DIF Municipal, ubicadas en la calle Viller\u00edas n\u00famero 305 o comunicarse al tel\u00e9fono 444 824 0426, donde se brindar\u00e1 atenci\u00f3n personalizada y se resolver\u00e1n dudas relacionadas con esta actividad.<\/p>\n","protected":false},"excerpt":{"rendered":"<p>El Gobierno de Villa de Pozos, a trav\u00e9s del Sistema Municipal DIF, convoca a todas las ni\u00f1as y ni\u00f1os de entre 6 y 11 a\u00f1os a formar parte del \u201cCampamento de Verano 2025\u201d, una iniciativa dise\u00f1ada para ofrecer a la ni\u00f1ez del municipio un espacio seguro, divertido y enriquecedor durante sus vacaciones, que se llevar\u00e1 [&hellip;]<\/p>\n","protected":false},"author":1,"featured_media":20345,"comment_status":"open","ping_status":"open","sticky":false,"template":"","format":"standard","meta":{"footnotes":""},"categories":[3240,24,3175],"tags":[4513,320,294,261,1068],"class_list":{"0":"post-20344","1":"post","2":"type-post","3":"status-publish","4":"format-standard","5":"has-post-thumbnail","7":"category-educacion","8":"category-informacion-general","9":"category-pozos","10":"tag-campamento-de-verano-2025","11":"tag-educacion","12":"tag-san-luis","13":"tag-slp","14":"tag-villa-de-pozos"},"_links":{"self":[{"href":"https:\/\/cronicadesoledad.com\/index.php\/wp-json\/wp\/v2\/posts\/20344","targetHints":{"allow":["GET"]}}],"collection":[{"href":"https:\/\/cronicadesoledad.com\/index.php\/wp-json\/wp\/v2\/posts"}],"about":[{"href":"https:\/\/cronicadesoledad.com\/index.php\/wp-json\/wp\/v2\/types\/post"}],"author":[{"embeddable":true,"href":"https:\/\/cronicadesoledad.com\/index.php\/wp-json\/wp\/v2\/users\/1"}],"replies":[{"embeddable":true,"href":"https:\/\/cronicadesoledad.com\/index.php\/wp-json\/wp\/v2\/comments?post=20344"}],"version-history":[{"count":1,"href":"https:\/\/cronicadesoledad.com\/index.php\/wp-json\/wp\/v2\/posts\/20344\/revisions"}],"predecessor-version":[{"id":20347,"href":"https:\/\/cronicadesoledad.com\/index.php\/wp-json\/wp\/v2\/posts\/20344\/revisions\/20347"}],"wp:featuredmedia":[{"embeddable":true,"href":"https:\/\/cronicadesoledad.com\/index.php\/wp-json\/wp\/v2\/media\/20345"}],"wp:attachment":[{"href":"https:\/\/cronicadesoledad.com\/index.php\/wp-json\/wp\/v2\/media?parent=20344"}],"wp:term":[{"taxonomy":"category","embeddable":true,"href":"https:\/\/cronicadesoledad.com\/index.php\/wp-json\/wp\/v2\/categories?post=20344"},{"taxonomy":"post_tag","embeddable":true,"href":"https:\/\/cronicadesoledad.com\/index.php\/wp-json\/wp\/v2\/tags?post=20344"}],"curies":[{"name":"wp","href":"https:\/\/api.w.org\/{rel}","templated":true}]}}