{"id":20348,"date":"2025-06-23T23:28:08","date_gmt":"2025-06-24T05:28:08","guid":{"rendered":"https:\/\/cronicadesoledad.com\/?p=20348"},"modified":"2025-06-23T23:28:09","modified_gmt":"2025-06-24T05:28:09","slug":"normalistas-becene-1976-1980-celebran-emotivo-reencuentro","status":"publish","type":"post","link":"https:\/\/cronicadesoledad.com\/index.php\/2025\/06\/23\/normalistas-becene-1976-1980-celebran-emotivo-reencuentro\/","title":{"rendered":"Normalistas BECENE 1976 &#8211; 1980 celebran emotivo reencuentro"},"content":{"rendered":"\n<p>La tarde del jueves 19 de junio, la Benem\u00e9rita y Centenaria Escuela Normal del Estado (BECENE) fue escenario de una ceremonia cargada de nostalgia y calidez, al conmemorarse el 45\u00b0 aniversario de la Generaci\u00f3n 1976-1980. El evento tuvo lugar en el Auditorio Prof. Pedro Vallejo, donde los normalistas se reencontraron con los pasillos que marcaron su formaci\u00f3n como docentes.<\/p>\n\n\n\n<p>La ceremonia solemne estuvo encabezada por el Dr. Francos Hern\u00e1ndez Ortiz, director general de la BECENE, quien reconoci\u00f3 la trayectoria y el legado de esta generaci\u00f3n que, durante d\u00e9cadas, contribuy\u00f3 a la educaci\u00f3n en San Luis Potos\u00ed. Las palabras del directivo evocaron orgullo y pertenencia entre los asistentes, muchos de ellos visiblemente conmovidos.<\/p>\n\n\n\n<p>El ambiente que envolvi\u00f3 la jornada fue acogedor y profundamente emotivo. Entre abrazos, an\u00e9cdotas y sonrisas, los normalistas revivieron momentos que definieron sus vidas personales y profesionales. El auditorio se llen\u00f3 de recuerdos, pero tambi\u00e9n de agradecimiento hacia una instituci\u00f3n que ha formado generaciones de maestros con vocaci\u00f3n.<\/p>\n\n\n\n<p>Este tipo de encuentros subraya el valor humano y la memoria viva de las escuelas normales. Para la BECENE, actos como este reafirman su compromiso con quienes pasaron por sus aulas, manteniendo siempre abiertos los lazos de identidad y afecto entre la instituci\u00f3n y sus egresados.<\/p>\n","protected":false},"excerpt":{"rendered":"<p>La tarde del jueves 19 de junio, la Benem\u00e9rita y Centenaria Escuela Normal del Estado (BECENE) fue escenario de una ceremonia cargada de nostalgia y calidez, al conmemorarse el 45\u00b0 aniversario de la Generaci\u00f3n 1976-1980. El evento tuvo lugar en el Auditorio Prof. Pedro Vallejo, donde los normalistas se reencontraron con los pasillos que marcaron [&hellip;]<\/p>\n","protected":false},"author":2,"featured_media":20349,"comment_status":"open","ping_status":"open","sticky":false,"template":"","format":"standard","meta":{"footnotes":""},"categories":[1,24,3080],"tags":[4364,4514,4515,294,261,27],"class_list":{"0":"post-20348","1":"post","2":"type-post","3":"status-publish","4":"format-standard","5":"has-post-thumbnail","7":"category-destacadas","8":"category-informacion-general","9":"category-slp","10":"tag-becene","11":"tag-normalistas","12":"tag-reencuentro","13":"tag-san-luis","14":"tag-slp","15":"tag-soledad"},"_links":{"self":[{"href":"https:\/\/cronicadesoledad.com\/index.php\/wp-json\/wp\/v2\/posts\/20348","targetHints":{"allow":["GET"]}}],"collection":[{"href":"https:\/\/cronicadesoledad.com\/index.php\/wp-json\/wp\/v2\/posts"}],"about":[{"href":"https:\/\/cronicadesoledad.com\/index.php\/wp-json\/wp\/v2\/types\/post"}],"author":[{"embeddable":true,"href":"https:\/\/cronicadesoledad.com\/index.php\/wp-json\/wp\/v2\/users\/2"}],"replies":[{"embeddable":true,"href":"https:\/\/cronicadesoledad.com\/index.php\/wp-json\/wp\/v2\/comments?post=20348"}],"version-history":[{"count":1,"href":"https:\/\/cronicadesoledad.com\/index.php\/wp-json\/wp\/v2\/posts\/20348\/revisions"}],"predecessor-version":[{"id":20351,"href":"https:\/\/cronicadesoledad.com\/index.php\/wp-json\/wp\/v2\/posts\/20348\/revisions\/20351"}],"wp:featuredmedia":[{"embeddable":true,"href":"https:\/\/cronicadesoledad.com\/index.php\/wp-json\/wp\/v2\/media\/20349"}],"wp:attachment":[{"href":"https:\/\/cronicadesoledad.com\/index.php\/wp-json\/wp\/v2\/media?parent=20348"}],"wp:term":[{"taxonomy":"category","embeddable":true,"href":"https:\/\/cronicadesoledad.com\/index.php\/wp-json\/wp\/v2\/categories?post=20348"},{"taxonomy":"post_tag","embeddable":true,"href":"https:\/\/cronicadesoledad.com\/index.php\/wp-json\/wp\/v2\/tags?post=20348"}],"curies":[{"name":"wp","href":"https:\/\/api.w.org\/{rel}","templated":true}]}}