{"id":20367,"date":"2025-06-24T09:00:00","date_gmt":"2025-06-24T15:00:00","guid":{"rendered":"https:\/\/cronicadesoledad.com\/?p=20367"},"modified":"2025-06-23T23:55:40","modified_gmt":"2025-06-24T05:55:40","slug":"planteles-educativos-de-villa-de-pozos-se-suman-al-programa-escuelas-verdes","status":"publish","type":"post","link":"https:\/\/cronicadesoledad.com\/index.php\/2025\/06\/24\/planteles-educativos-de-villa-de-pozos-se-suman-al-programa-escuelas-verdes\/","title":{"rendered":"Planteles educativos de Villa de Pozos se suman al programa \u201cescuelas verdes\u201d"},"content":{"rendered":"\n<p>El Jard\u00edn de Ni\u00f1os Josefa Ortiz de Dom\u00ednguez, ubicado en la cabecera municipal de Villa de Pozos, fue reconocido como parte del programa estatal \u201cEscuelas Verdes\u201d, iniciativa liderada por la Secretar\u00eda de Ecolog\u00eda y Gesti\u00f3n Ambiental (SEGAM) como parte de un esfuerzo conjunto por fortalecer la conciencia ambiental en los centros educativos de San Luis Potos\u00ed.<\/p>\n\n\n\n<p>Como parte de esta incorporaci\u00f3n, el plantel recibi\u00f3 la donaci\u00f3n de m\u00e1s de 100 \u00e1rboles, mismos que fueron reforestados en sus instalaciones con la participaci\u00f3n de estudiantes, docentes, madres y padres de familia.<\/p>\n\n\n\n<p>La titular de la SEGAM, Sonia Mendoza D\u00edaz, destac\u00f3 el entusiasmo y compromiso de la localidad educativa poce\u00f1a, al se\u00f1alar que la participaci\u00f3n de ni\u00f1as, ni\u00f1os y familias es clave para sembrar en las futuras generaciones una verdadera cultura del cuidado ambiental.<\/p>\n\n\n\n<p>Adem\u00e1s de la jornada de reforestaci\u00f3n, estudiantes compartieron los conocimientos adquiridos durante la capacitaci\u00f3n integral sobre medio ambiente y demostraron su compromiso con la protecci\u00f3n del entorno.<\/p>\n","protected":false},"excerpt":{"rendered":"<p>El Jard\u00edn de Ni\u00f1os Josefa Ortiz de Dom\u00ednguez, ubicado en la cabecera municipal de Villa de Pozos, fue reconocido como parte del programa estatal \u201cEscuelas Verdes\u201d, iniciativa liderada por la Secretar\u00eda de Ecolog\u00eda y Gesti\u00f3n Ambiental (SEGAM) como parte de un esfuerzo conjunto por fortalecer la conciencia ambiental en los centros educativos de San Luis [&hellip;]<\/p>\n","protected":false},"author":1,"featured_media":20371,"comment_status":"open","ping_status":"open","sticky":false,"template":"","format":"standard","meta":{"footnotes":""},"categories":[24,3175],"tags":[2137,4518,294,261,1068],"class_list":{"0":"post-20367","1":"post","2":"type-post","3":"status-publish","4":"format-standard","5":"has-post-thumbnail","7":"category-informacion-general","8":"category-pozos","9":"tag-ecologia-2","10":"tag-escuelas-verdes","11":"tag-san-luis","12":"tag-slp","13":"tag-villa-de-pozos"},"_links":{"self":[{"href":"https:\/\/cronicadesoledad.com\/index.php\/wp-json\/wp\/v2\/posts\/20367","targetHints":{"allow":["GET"]}}],"collection":[{"href":"https:\/\/cronicadesoledad.com\/index.php\/wp-json\/wp\/v2\/posts"}],"about":[{"href":"https:\/\/cronicadesoledad.com\/index.php\/wp-json\/wp\/v2\/types\/post"}],"author":[{"embeddable":true,"href":"https:\/\/cronicadesoledad.com\/index.php\/wp-json\/wp\/v2\/users\/1"}],"replies":[{"embeddable":true,"href":"https:\/\/cronicadesoledad.com\/index.php\/wp-json\/wp\/v2\/comments?post=20367"}],"version-history":[{"count":1,"href":"https:\/\/cronicadesoledad.com\/index.php\/wp-json\/wp\/v2\/posts\/20367\/revisions"}],"predecessor-version":[{"id":20372,"href":"https:\/\/cronicadesoledad.com\/index.php\/wp-json\/wp\/v2\/posts\/20367\/revisions\/20372"}],"wp:featuredmedia":[{"embeddable":true,"href":"https:\/\/cronicadesoledad.com\/index.php\/wp-json\/wp\/v2\/media\/20371"}],"wp:attachment":[{"href":"https:\/\/cronicadesoledad.com\/index.php\/wp-json\/wp\/v2\/media?parent=20367"}],"wp:term":[{"taxonomy":"category","embeddable":true,"href":"https:\/\/cronicadesoledad.com\/index.php\/wp-json\/wp\/v2\/categories?post=20367"},{"taxonomy":"post_tag","embeddable":true,"href":"https:\/\/cronicadesoledad.com\/index.php\/wp-json\/wp\/v2\/tags?post=20367"}],"curies":[{"name":"wp","href":"https:\/\/api.w.org\/{rel}","templated":true}]}}