{"id":20382,"date":"2025-06-24T18:30:00","date_gmt":"2025-06-25T00:30:00","guid":{"rendered":"https:\/\/cronicadesoledad.com\/?p=20382"},"modified":"2025-06-24T16:43:39","modified_gmt":"2025-06-24T22:43:39","slug":"bibliotecas-invitan-a-campamentos-infantiles-de-verano","status":"publish","type":"post","link":"https:\/\/cronicadesoledad.com\/index.php\/2025\/06\/24\/bibliotecas-invitan-a-campamentos-infantiles-de-verano\/","title":{"rendered":"Bibliotecas invitan a campamentos infantiles de verano"},"content":{"rendered":"\n<p>Con la finalidad de impulsar la lectura, la creatividad y el desarrollo integral de la ni\u00f1ez, el Ayuntamiento de Soledad de Graciano S\u00e1nchez, a trav\u00e9s de la Coordinaci\u00f3n Municipal de Bibliotecas, invita a las familias soledenses a inscribir a ni\u00f1as y ni\u00f1os de entre 4 y 11 a\u00f1os de edad, a los Campamentos Infantiles de Verano gratuitos que se realizar\u00e1n del 7 al 25 de julio en las cuatro bibliotecas municipales, atendiendo la visi\u00f3n del Alcalde Juan Manuel Navarro Mu\u00f1iz, de impulsar actividades que fortalezcan el tejido social desde las bibliotecas.<\/p>\n\n\n\n<p>Guadalupe Cort\u00e9s Segura, coordinadora de Bibliotecas Municipales, explic\u00f3 que este a\u00f1o el curso se desarrollar\u00e1 con el tema \u201cLa Lectura y los Sue\u00f1os\u201d, con talleres dise\u00f1ados en coordinaci\u00f3n con la Red Nacional de Bibliotecas, actividades did\u00e1cticas y salidas recreativas, que permitir\u00e1n a las y los participantes disfrutar de tres semanas de aprendizaje y convivencia en un entorno seguro y accesible.<\/p>\n\n\n\n<p>Las inscripciones est\u00e1n abiertas al p\u00fablico en general, con un cupo limitado a 100 menores por sede, por lo que se invita a madres y padres de familia a acudir cuanto antes a su biblioteca m\u00e1s cercana; las sedes son: Biblioteca Enrique Almaz\u00e1n Nieto, en calle Hidalgo #211, Cabecera Municipal; Eulalio Galarza Cervantes, en calle San Luis s\/n en San Felipe; Graciano S\u00e1nchez Romo, en Plaza del Maguey #6 en la UPA; y la Biblioteca San Luis 1, ubicada dentro del deportivo de la misma colonia.<\/p>\n\n\n\n<p>&nbsp;El Gobierno Municipal mantiene su compromiso de estar cerca de las familias soledenses, brindar espacios de formaci\u00f3n, recreaci\u00f3n y cuidado para la ni\u00f1ez durante el periodo vacacional, siempre trabajando en favor del desarrollo integral de la comunidad.<\/p>\n","protected":false},"excerpt":{"rendered":"<p>Con la finalidad de impulsar la lectura, la creatividad y el desarrollo integral de la ni\u00f1ez, el Ayuntamiento de Soledad de Graciano S\u00e1nchez, a trav\u00e9s de la Coordinaci\u00f3n Municipal de Bibliotecas, invita a las familias soledenses a inscribir a ni\u00f1as y ni\u00f1os de entre 4 y 11 a\u00f1os de edad, a los Campamentos Infantiles de [&hellip;]<\/p>\n","protected":false},"author":2,"featured_media":20383,"comment_status":"open","ping_status":"open","sticky":false,"template":"","format":"standard","meta":{"footnotes":""},"categories":[1,24,21],"tags":[223,1889,4520,1888,294,261,27],"class_list":{"0":"post-20382","1":"post","2":"type-post","3":"status-publish","4":"format-standard","5":"has-post-thumbnail","7":"category-destacadas","8":"category-informacion-general","9":"category-tu-soledad","10":"tag-ayuntamiento-soledense","11":"tag-bibliotecas-municipales","12":"tag-campamentos-de-verano","13":"tag-educacion-2","14":"tag-san-luis","15":"tag-slp","16":"tag-soledad"},"_links":{"self":[{"href":"https:\/\/cronicadesoledad.com\/index.php\/wp-json\/wp\/v2\/posts\/20382","targetHints":{"allow":["GET"]}}],"collection":[{"href":"https:\/\/cronicadesoledad.com\/index.php\/wp-json\/wp\/v2\/posts"}],"about":[{"href":"https:\/\/cronicadesoledad.com\/index.php\/wp-json\/wp\/v2\/types\/post"}],"author":[{"embeddable":true,"href":"https:\/\/cronicadesoledad.com\/index.php\/wp-json\/wp\/v2\/users\/2"}],"replies":[{"embeddable":true,"href":"https:\/\/cronicadesoledad.com\/index.php\/wp-json\/wp\/v2\/comments?post=20382"}],"version-history":[{"count":1,"href":"https:\/\/cronicadesoledad.com\/index.php\/wp-json\/wp\/v2\/posts\/20382\/revisions"}],"predecessor-version":[{"id":20384,"href":"https:\/\/cronicadesoledad.com\/index.php\/wp-json\/wp\/v2\/posts\/20382\/revisions\/20384"}],"wp:featuredmedia":[{"embeddable":true,"href":"https:\/\/cronicadesoledad.com\/index.php\/wp-json\/wp\/v2\/media\/20383"}],"wp:attachment":[{"href":"https:\/\/cronicadesoledad.com\/index.php\/wp-json\/wp\/v2\/media?parent=20382"}],"wp:term":[{"taxonomy":"category","embeddable":true,"href":"https:\/\/cronicadesoledad.com\/index.php\/wp-json\/wp\/v2\/categories?post=20382"},{"taxonomy":"post_tag","embeddable":true,"href":"https:\/\/cronicadesoledad.com\/index.php\/wp-json\/wp\/v2\/tags?post=20382"}],"curies":[{"name":"wp","href":"https:\/\/api.w.org\/{rel}","templated":true}]}}