{"id":20423,"date":"2025-06-26T10:55:37","date_gmt":"2025-06-26T16:55:37","guid":{"rendered":"https:\/\/cronicadesoledad.com\/?p=20423"},"modified":"2025-06-26T10:55:37","modified_gmt":"2025-06-26T16:55:37","slug":"aprueban-programa-de-descuentos-al-impuesto-predial-en-villa-de-pozos","status":"publish","type":"post","link":"https:\/\/cronicadesoledad.com\/index.php\/2025\/06\/26\/aprueban-programa-de-descuentos-al-impuesto-predial-en-villa-de-pozos\/","title":{"rendered":"Aprueban programa de descuentos al impuesto predial en Villa de Pozos"},"content":{"rendered":"\n<p>Durante la cuadrag\u00e9sima cuarta sesi\u00f3n ordinaria del Congreso del Estado, fue aprobado por unanimidad un programa de descuentos y est\u00edmulos fiscales dirigido a contribuyentes urbanos y suburbanos del municipio de Villa de Pozos, que presenten adeudos del impuesto predial correspondientes a los ejercicios fiscales 2021, 2022 y 2023.<\/p>\n\n\n\n<p>La Presidenta Concejal, Teresa Rivera Acevedo, explic\u00f3 que esta medida busca mitigar las condiciones desfavorables que enfrentan muchos ciudadanos y brindar herramientas que faciliten su regularizaci\u00f3n fiscal y detall\u00f3 que los contribuyentes con adeudos podr\u00e1n acceder a est\u00edmulos fiscales de hasta un 95% para promover as\u00ed el cumplimiento y apoyar la econom\u00eda de las familias.<\/p>\n\n\n\n<p>La Presidenta de la Comisi\u00f3n Segunda de Hacienda y Desarrollo Municipal, la diputada Dulcelina S\u00e1nchez de Lira, destac\u00f3 que esta iniciativa no representa la eliminaci\u00f3n de la obligaci\u00f3n tributaria, sino que constituye un incentivo respaldado por las atribuciones fiscales del municipio.<\/p>\n\n\n\n<p>Se resalt\u00f3 que el municipio de Villa de Pozos, cuenta con las facultades legales para implementar estos programas, lo que permite impulsar la recaudaci\u00f3n sin afectar de manera dr\u00e1stica a los ciudadanos que atraviesan dificultades econ\u00f3micas para consolidar un equilibrio entre el cumplimiento de las obligaciones fiscales y el apoyo a sectores vulnerables de la poblaci\u00f3n.<\/p>\n","protected":false},"excerpt":{"rendered":"<p>Durante la cuadrag\u00e9sima cuarta sesi\u00f3n ordinaria del Congreso del Estado, fue aprobado por unanimidad un programa de descuentos y est\u00edmulos fiscales dirigido a contribuyentes urbanos y suburbanos del municipio de Villa de Pozos, que presenten adeudos del impuesto predial correspondientes a los ejercicios fiscales 2021, 2022 y 2023. La Presidenta Concejal, Teresa Rivera Acevedo, explic\u00f3 [&hellip;]<\/p>\n","protected":false},"author":1,"featured_media":20424,"comment_status":"open","ping_status":"open","sticky":false,"template":"","format":"standard","meta":{"footnotes":""},"categories":[1,24,3175],"tags":[488,294,261,4522,1068],"class_list":{"0":"post-20423","1":"post","2":"type-post","3":"status-publish","4":"format-standard","5":"has-post-thumbnail","7":"category-destacadas","8":"category-informacion-general","9":"category-pozos","10":"tag-impuesto-predial","11":"tag-san-luis","12":"tag-slp","13":"tag-teresa-rivera-acevedo","14":"tag-villa-de-pozos"},"_links":{"self":[{"href":"https:\/\/cronicadesoledad.com\/index.php\/wp-json\/wp\/v2\/posts\/20423","targetHints":{"allow":["GET"]}}],"collection":[{"href":"https:\/\/cronicadesoledad.com\/index.php\/wp-json\/wp\/v2\/posts"}],"about":[{"href":"https:\/\/cronicadesoledad.com\/index.php\/wp-json\/wp\/v2\/types\/post"}],"author":[{"embeddable":true,"href":"https:\/\/cronicadesoledad.com\/index.php\/wp-json\/wp\/v2\/users\/1"}],"replies":[{"embeddable":true,"href":"https:\/\/cronicadesoledad.com\/index.php\/wp-json\/wp\/v2\/comments?post=20423"}],"version-history":[{"count":1,"href":"https:\/\/cronicadesoledad.com\/index.php\/wp-json\/wp\/v2\/posts\/20423\/revisions"}],"predecessor-version":[{"id":20425,"href":"https:\/\/cronicadesoledad.com\/index.php\/wp-json\/wp\/v2\/posts\/20423\/revisions\/20425"}],"wp:featuredmedia":[{"embeddable":true,"href":"https:\/\/cronicadesoledad.com\/index.php\/wp-json\/wp\/v2\/media\/20424"}],"wp:attachment":[{"href":"https:\/\/cronicadesoledad.com\/index.php\/wp-json\/wp\/v2\/media?parent=20423"}],"wp:term":[{"taxonomy":"category","embeddable":true,"href":"https:\/\/cronicadesoledad.com\/index.php\/wp-json\/wp\/v2\/categories?post=20423"},{"taxonomy":"post_tag","embeddable":true,"href":"https:\/\/cronicadesoledad.com\/index.php\/wp-json\/wp\/v2\/tags?post=20423"}],"curies":[{"name":"wp","href":"https:\/\/api.w.org\/{rel}","templated":true}]}}