{"id":20432,"date":"2025-06-26T14:00:00","date_gmt":"2025-06-26T20:00:00","guid":{"rendered":"https:\/\/cronicadesoledad.com\/?p=20432"},"modified":"2025-06-26T11:25:32","modified_gmt":"2025-06-26T17:25:32","slug":"dif-de-villa-de-pozos-llevo-orientacion-sobre-violencia-y-acoso-escolar","status":"publish","type":"post","link":"https:\/\/cronicadesoledad.com\/index.php\/2025\/06\/26\/dif-de-villa-de-pozos-llevo-orientacion-sobre-violencia-y-acoso-escolar\/","title":{"rendered":"DIF de Villa de Pozos llev\u00f3 orientaci\u00f3n sobre violencia y acoso escolar"},"content":{"rendered":"\n<p>Con el objetivo de orientar y sensibilizar a la comunidad educativa sobre la prevenci\u00f3n y atenci\u00f3n de casos de violencia y acoso escolar, el Gobierno municipal de Villa de Pozos, a trav\u00e9s del Sistema Municipal DIF, llev\u00f3 a cabo una pl\u00e1tica informativa en la escuela primaria Francisco I. Madero, dirigida a ni\u00f1as, ni\u00f1os, madres, padres de familia, cuidadores y personal docente.<\/p>\n\n\n\n<p>La presidenta del DIF Municipal, Laura Ang\u00e9lica Villanueva Hern\u00e1ndez, destac\u00f3 que esta acci\u00f3n forma parte de una estrategia integral de atenci\u00f3n y prevenci\u00f3n a situaciones de riesgo que afectan a la ni\u00f1ez poce\u00f1a, con el prop\u00f3sito de brindar orientaci\u00f3n, asesor\u00eda y asistencia a quienes sufren o son testigos de violencia o acoso dentro y fuera del aula.<\/p>\n\n\n\n<p>Villanueva Hern\u00e1ndez, destac\u00f3 que estas actividades son posibles gracias al compromiso y labor del equipo de Trabajo Social y Psicolog\u00eda del DIF Municipal, quienes abordan de manera profesional y cercana los diversos casos que pudieran presentarse en las escuelas del municipio, para prevenir y acompa\u00f1ar a quienes viven estas situaciones.<\/p>\n\n\n\n<p>Enfatiz\u00f3 la importancia de brindar una atenci\u00f3n adecuada y eficiente ante cualquier caso de violencia escolar y asegur\u00f3 que el DIF Municipal llevar\u00e1 estas pl\u00e1ticas y talleres a m\u00e1s escuelas del municipio, con el fin de crear redes de apoyo s\u00f3lidas entre estudiantes, familias y personal educativo.<\/p>\n","protected":false},"excerpt":{"rendered":"<p>Con el objetivo de orientar y sensibilizar a la comunidad educativa sobre la prevenci\u00f3n y atenci\u00f3n de casos de violencia y acoso escolar, el Gobierno municipal de Villa de Pozos, a trav\u00e9s del Sistema Municipal DIF, llev\u00f3 a cabo una pl\u00e1tica informativa en la escuela primaria Francisco I. Madero, dirigida a ni\u00f1as, ni\u00f1os, madres, padres [&hellip;]<\/p>\n","protected":false},"author":1,"featured_media":20433,"comment_status":"open","ping_status":"open","sticky":false,"template":"","format":"standard","meta":{"footnotes":""},"categories":[3240,24,3175],"tags":[3324,320,294,261,1068],"class_list":{"0":"post-20432","1":"post","2":"type-post","3":"status-publish","4":"format-standard","5":"has-post-thumbnail","7":"category-educacion","8":"category-informacion-general","9":"category-pozos","10":"tag-acoso-escolar","11":"tag-educacion","12":"tag-san-luis","13":"tag-slp","14":"tag-villa-de-pozos"},"_links":{"self":[{"href":"https:\/\/cronicadesoledad.com\/index.php\/wp-json\/wp\/v2\/posts\/20432","targetHints":{"allow":["GET"]}}],"collection":[{"href":"https:\/\/cronicadesoledad.com\/index.php\/wp-json\/wp\/v2\/posts"}],"about":[{"href":"https:\/\/cronicadesoledad.com\/index.php\/wp-json\/wp\/v2\/types\/post"}],"author":[{"embeddable":true,"href":"https:\/\/cronicadesoledad.com\/index.php\/wp-json\/wp\/v2\/users\/1"}],"replies":[{"embeddable":true,"href":"https:\/\/cronicadesoledad.com\/index.php\/wp-json\/wp\/v2\/comments?post=20432"}],"version-history":[{"count":1,"href":"https:\/\/cronicadesoledad.com\/index.php\/wp-json\/wp\/v2\/posts\/20432\/revisions"}],"predecessor-version":[{"id":20434,"href":"https:\/\/cronicadesoledad.com\/index.php\/wp-json\/wp\/v2\/posts\/20432\/revisions\/20434"}],"wp:featuredmedia":[{"embeddable":true,"href":"https:\/\/cronicadesoledad.com\/index.php\/wp-json\/wp\/v2\/media\/20433"}],"wp:attachment":[{"href":"https:\/\/cronicadesoledad.com\/index.php\/wp-json\/wp\/v2\/media?parent=20432"}],"wp:term":[{"taxonomy":"category","embeddable":true,"href":"https:\/\/cronicadesoledad.com\/index.php\/wp-json\/wp\/v2\/categories?post=20432"},{"taxonomy":"post_tag","embeddable":true,"href":"https:\/\/cronicadesoledad.com\/index.php\/wp-json\/wp\/v2\/tags?post=20432"}],"curies":[{"name":"wp","href":"https:\/\/api.w.org\/{rel}","templated":true}]}}