{"id":20435,"date":"2025-06-26T11:34:54","date_gmt":"2025-06-26T17:34:54","guid":{"rendered":"https:\/\/cronicadesoledad.com\/?p=20435"},"modified":"2025-06-26T11:34:55","modified_gmt":"2025-06-26T17:34:55","slug":"villa-de-pozos-invita-a-torneo-juvenil-de-basquetbol","status":"publish","type":"post","link":"https:\/\/cronicadesoledad.com\/index.php\/2025\/06\/26\/villa-de-pozos-invita-a-torneo-juvenil-de-basquetbol\/","title":{"rendered":"Villa de Pozos invita a torneo juvenil de basquetbol"},"content":{"rendered":"\n<p>El Gobierno de Villa de Pozos, a trav\u00e9s del Instituto Municipal de la Juventud, llevar\u00e1 a cabo el Torneo Juvenil de Basquetbol el pr\u00f3ximo 28 de junio en Plaza Las \u00c1guilas, un evento deportivo que invita a todos los j\u00f3venes poce\u00f1os a demostrar su destreza y pasi\u00f3n por el basquetbol.<\/p>\n\n\n\n<p>El director del Instituto Municipal de la Juventud, Jos\u00e9 de Jes\u00fas Espinosa Ortiz, destac\u00f3 la importancia de este torneo para fomentar el deporte y la sana convivencia entre los j\u00f3venes de la localidad y se\u00f1al\u00f3 que la actividad est\u00e1 dirigida a j\u00f3venes de 16 a 29 a\u00f1os y se desarrollar\u00e1 en una categor\u00eda mixta.<\/p>\n\n\n\n<p>Las inscripciones para el torneo estar\u00e1n abiertas hasta el 27 de junio, en un horario de 09:00 a 17:00 horas, en las instalaciones del Instituto Municipal de la Juventud, ubicado en calle 71 esquina con calle 30, sin ning\u00fan costo para los participantes.<\/p>\n\n\n\n<p>Es importante se\u00f1alar que los equipos deber\u00e1n presentarse con uniforme o ropa distintiva de cada equipo y no se permitir\u00e1n jugadores que no cumplan con los requisitos establecidos para la categor\u00eda, ya que, la intenci\u00f3n es que el torneo se desarrolle de manera justa y competitiva, para garantizar la equidad entre los participantes.<\/p>\n\n\n\n<p>El director del Instituto Municipal de la Juventud, Jos\u00e9 de Jes\u00fas Espinosa Ortiz, puntualiz\u00f3 que los primeros tres lugares del torneo ser\u00e1n premiados con trofeos y medallas, como reconocimiento a su esfuerzo y habilidades en la cancha y este evento promete ser una excelente oportunidad para que los j\u00f3venes poce\u00f1os se conecten con su pasi\u00f3n por el basquetbol y vivan una jornada llena de emoci\u00f3n y camarader\u00eda.<\/p>\n","protected":false},"excerpt":{"rendered":"<p>El Gobierno de Villa de Pozos, a trav\u00e9s del Instituto Municipal de la Juventud, llevar\u00e1 a cabo el Torneo Juvenil de Basquetbol el pr\u00f3ximo 28 de junio en Plaza Las \u00c1guilas, un evento deportivo que invita a todos los j\u00f3venes poce\u00f1os a demostrar su destreza y pasi\u00f3n por el basquetbol. El director del Instituto Municipal [&hellip;]<\/p>\n","protected":false},"author":1,"featured_media":20436,"comment_status":"open","ping_status":"open","sticky":false,"template":"","format":"standard","meta":{"footnotes":""},"categories":[20,24,3175],"tags":[291,294,261,4532,1068],"class_list":{"0":"post-20435","1":"post","2":"type-post","3":"status-publish","4":"format-standard","5":"has-post-thumbnail","7":"category-cronica-deportiva","8":"category-informacion-general","9":"category-pozos","10":"tag-deportes","11":"tag-san-luis","12":"tag-slp","13":"tag-torneo-de-basquetbol","14":"tag-villa-de-pozos"},"_links":{"self":[{"href":"https:\/\/cronicadesoledad.com\/index.php\/wp-json\/wp\/v2\/posts\/20435","targetHints":{"allow":["GET"]}}],"collection":[{"href":"https:\/\/cronicadesoledad.com\/index.php\/wp-json\/wp\/v2\/posts"}],"about":[{"href":"https:\/\/cronicadesoledad.com\/index.php\/wp-json\/wp\/v2\/types\/post"}],"author":[{"embeddable":true,"href":"https:\/\/cronicadesoledad.com\/index.php\/wp-json\/wp\/v2\/users\/1"}],"replies":[{"embeddable":true,"href":"https:\/\/cronicadesoledad.com\/index.php\/wp-json\/wp\/v2\/comments?post=20435"}],"version-history":[{"count":1,"href":"https:\/\/cronicadesoledad.com\/index.php\/wp-json\/wp\/v2\/posts\/20435\/revisions"}],"predecessor-version":[{"id":20437,"href":"https:\/\/cronicadesoledad.com\/index.php\/wp-json\/wp\/v2\/posts\/20435\/revisions\/20437"}],"wp:featuredmedia":[{"embeddable":true,"href":"https:\/\/cronicadesoledad.com\/index.php\/wp-json\/wp\/v2\/media\/20436"}],"wp:attachment":[{"href":"https:\/\/cronicadesoledad.com\/index.php\/wp-json\/wp\/v2\/media?parent=20435"}],"wp:term":[{"taxonomy":"category","embeddable":true,"href":"https:\/\/cronicadesoledad.com\/index.php\/wp-json\/wp\/v2\/categories?post=20435"},{"taxonomy":"post_tag","embeddable":true,"href":"https:\/\/cronicadesoledad.com\/index.php\/wp-json\/wp\/v2\/tags?post=20435"}],"curies":[{"name":"wp","href":"https:\/\/api.w.org\/{rel}","templated":true}]}}