{"id":20456,"date":"2025-06-26T18:57:23","date_gmt":"2025-06-27T00:57:23","guid":{"rendered":"https:\/\/cronicadesoledad.com\/?p=20456"},"modified":"2025-06-26T18:57:23","modified_gmt":"2025-06-27T00:57:23","slug":"confirman-ampliacion-de-plaza-citadina","status":"publish","type":"post","link":"https:\/\/cronicadesoledad.com\/index.php\/2025\/06\/26\/confirman-ampliacion-de-plaza-citadina\/","title":{"rendered":"Confirman ampliaci\u00f3n de Plaza Citadina"},"content":{"rendered":"\n<p>El director de Turismo de Soledad de Graciano S\u00e1nchez, Felipe C\u00e1rdenas, anunci\u00f3 que la plaza Citadina ya trabaja en la ampliaci\u00f3n de una nueva ala comercial de dos niveles, con la que se busca atraer reconocidas franquicias y ofrecer mayor diversidad de servicios a los visitantes.<\/p>\n\n\n\n<p>Entre las marcas que se instalar\u00e1n destacan Starbucks, Waldo\u2019s, Banamex, un gimnasio SmartFit y una tienda Coppel, as\u00ed como otras firmas que se sumar\u00e1n a este espacio para reforzar la oferta comercial en el municipio.<\/p>\n\n\n\n<p>\u201cTenemos varias marcas realizando ampliaciones y mejoras. Por ejemplo, Gasomax est\u00e1 transformando sus estaciones en puntos tem\u00e1ticos; tambi\u00e9n se avanza en el corredor tur\u00edstico comercial que inicia en plaza Las Huastecas, donde se instalar\u00e1 un Walmart, y contin\u00faa con plaza Las Palmas, que suma cadenas de comida y bancos; y ahora Citadina, que est\u00e1 en proceso de expansi\u00f3n\u201d, detall\u00f3 el funcionario.<\/p>\n\n\n\n<p>C\u00e1rdenas subray\u00f3 que este crecimiento forma parte de un plan integral para detonar el turismo comercial en Soledad, y que con la llegada de nuevas inversiones se fortalecer\u00e1 la econom\u00eda local, generando empleos y consolidando al municipio como un punto estrat\u00e9gico para el comercio y el turismo.<\/p>\n\n\n\n<p>Finalmente, destac\u00f3 que estas obras representan una inversi\u00f3n privada superior a los 30 millones de pesos, reafirmando la confianza de los empresarios en el desarrollo y potencial econ\u00f3mico de Soledad de Graciano S\u00e1nchez.<\/p>\n","protected":false},"excerpt":{"rendered":"<p>El director de Turismo de Soledad de Graciano S\u00e1nchez, Felipe C\u00e1rdenas, anunci\u00f3 que la plaza Citadina ya trabaja en la ampliaci\u00f3n de una nueva ala comercial de dos niveles, con la que se busca atraer reconocidas franquicias y ofrecer mayor diversidad de servicios a los visitantes. Entre las marcas que se instalar\u00e1n destacan Starbucks, Waldo\u2019s, [&hellip;]<\/p>\n","protected":false},"author":2,"featured_media":20457,"comment_status":"open","ping_status":"open","sticky":false,"template":"","format":"standard","meta":{"footnotes":""},"categories":[1,24,21],"tags":[223,4379,294,261,27],"class_list":{"0":"post-20456","1":"post","2":"type-post","3":"status-publish","4":"format-standard","5":"has-post-thumbnail","7":"category-destacadas","8":"category-informacion-general","9":"category-tu-soledad","10":"tag-ayuntamiento-soledense","11":"tag-plaza-citadina","12":"tag-san-luis","13":"tag-slp","14":"tag-soledad"},"_links":{"self":[{"href":"https:\/\/cronicadesoledad.com\/index.php\/wp-json\/wp\/v2\/posts\/20456","targetHints":{"allow":["GET"]}}],"collection":[{"href":"https:\/\/cronicadesoledad.com\/index.php\/wp-json\/wp\/v2\/posts"}],"about":[{"href":"https:\/\/cronicadesoledad.com\/index.php\/wp-json\/wp\/v2\/types\/post"}],"author":[{"embeddable":true,"href":"https:\/\/cronicadesoledad.com\/index.php\/wp-json\/wp\/v2\/users\/2"}],"replies":[{"embeddable":true,"href":"https:\/\/cronicadesoledad.com\/index.php\/wp-json\/wp\/v2\/comments?post=20456"}],"version-history":[{"count":1,"href":"https:\/\/cronicadesoledad.com\/index.php\/wp-json\/wp\/v2\/posts\/20456\/revisions"}],"predecessor-version":[{"id":20458,"href":"https:\/\/cronicadesoledad.com\/index.php\/wp-json\/wp\/v2\/posts\/20456\/revisions\/20458"}],"wp:featuredmedia":[{"embeddable":true,"href":"https:\/\/cronicadesoledad.com\/index.php\/wp-json\/wp\/v2\/media\/20457"}],"wp:attachment":[{"href":"https:\/\/cronicadesoledad.com\/index.php\/wp-json\/wp\/v2\/media?parent=20456"}],"wp:term":[{"taxonomy":"category","embeddable":true,"href":"https:\/\/cronicadesoledad.com\/index.php\/wp-json\/wp\/v2\/categories?post=20456"},{"taxonomy":"post_tag","embeddable":true,"href":"https:\/\/cronicadesoledad.com\/index.php\/wp-json\/wp\/v2\/tags?post=20456"}],"curies":[{"name":"wp","href":"https:\/\/api.w.org\/{rel}","templated":true}]}}