{"id":20459,"date":"2025-06-27T07:00:00","date_gmt":"2025-06-27T13:00:00","guid":{"rendered":"https:\/\/cronicadesoledad.com\/?p=20459"},"modified":"2025-06-27T00:14:41","modified_gmt":"2025-06-27T06:14:41","slug":"villa-de-pozos-refuerza-recoleccion-de-basura","status":"publish","type":"post","link":"https:\/\/cronicadesoledad.com\/index.php\/2025\/06\/27\/villa-de-pozos-refuerza-recoleccion-de-basura\/","title":{"rendered":"Villa de Pozos refuerza recolecci\u00f3n de basura"},"content":{"rendered":"\n<p>El Gobierno de Villa de Pozos, encabezado por la Presidenta Concejal Teresa Rivera Acevedo, avanza de manera significativa para mejorar los servicios p\u00fablicos del municipio con la incorporaci\u00f3n de dos nuevas unidades recolectoras de basura con el objetivo de fortalecer el estado de operatividad de la recolecci\u00f3n de desechos y garantizar un entorno m\u00e1s limpio para los habitantes.<\/p>\n\n\n\n<p>La Presidenta Concejal, destac\u00f3 que la llegada de estas unidades se suma a las 7 unidades recolectores con las que ya se cuentan, lo que permitir\u00e1 no solo optimizar las rutas de recolecci\u00f3n, sino tambi\u00e9n ampliar su cobertura en las colonias del municipio y brindar un servicio m\u00e1s eficiente y de calidad para todos los ciudadanos.<\/p>\n\n\n\n<p>Se\u00f1al\u00f3 que, estas unidades son una inversi\u00f3n directa en el bienestar de las y los poce\u00f1os, pues permitir\u00e1n una mejor disposici\u00f3n de los residuos y un entorno m\u00e1s saludable tanto para las personas como para el medio ambiente.<\/p>\n\n\n\n<p>Rivera Acevedo, hizo un llamado a la ciudadan\u00eda para colaborar de manera activa en el mantenimiento del municipio limpio, ya que, es fundamental que todos participen en el cuidado de la localidad y pidi\u00f3 no arrojar basura en las calles.<\/p>\n","protected":false},"excerpt":{"rendered":"<p>El Gobierno de Villa de Pozos, encabezado por la Presidenta Concejal Teresa Rivera Acevedo, avanza de manera significativa para mejorar los servicios p\u00fablicos del municipio con la incorporaci\u00f3n de dos nuevas unidades recolectoras de basura con el objetivo de fortalecer el estado de operatividad de la recolecci\u00f3n de desechos y garantizar un entorno m\u00e1s limpio [&hellip;]<\/p>\n","protected":false},"author":1,"featured_media":20460,"comment_status":"open","ping_status":"open","sticky":false,"template":"","format":"standard","meta":{"footnotes":""},"categories":[24,3175],"tags":[1391,581,294,261,1068],"class_list":{"0":"post-20459","1":"post","2":"type-post","3":"status-publish","4":"format-standard","5":"has-post-thumbnail","7":"category-informacion-general","8":"category-pozos","9":"tag-basura","10":"tag-limpieza","11":"tag-san-luis","12":"tag-slp","13":"tag-villa-de-pozos"},"_links":{"self":[{"href":"https:\/\/cronicadesoledad.com\/index.php\/wp-json\/wp\/v2\/posts\/20459","targetHints":{"allow":["GET"]}}],"collection":[{"href":"https:\/\/cronicadesoledad.com\/index.php\/wp-json\/wp\/v2\/posts"}],"about":[{"href":"https:\/\/cronicadesoledad.com\/index.php\/wp-json\/wp\/v2\/types\/post"}],"author":[{"embeddable":true,"href":"https:\/\/cronicadesoledad.com\/index.php\/wp-json\/wp\/v2\/users\/1"}],"replies":[{"embeddable":true,"href":"https:\/\/cronicadesoledad.com\/index.php\/wp-json\/wp\/v2\/comments?post=20459"}],"version-history":[{"count":1,"href":"https:\/\/cronicadesoledad.com\/index.php\/wp-json\/wp\/v2\/posts\/20459\/revisions"}],"predecessor-version":[{"id":20461,"href":"https:\/\/cronicadesoledad.com\/index.php\/wp-json\/wp\/v2\/posts\/20459\/revisions\/20461"}],"wp:featuredmedia":[{"embeddable":true,"href":"https:\/\/cronicadesoledad.com\/index.php\/wp-json\/wp\/v2\/media\/20460"}],"wp:attachment":[{"href":"https:\/\/cronicadesoledad.com\/index.php\/wp-json\/wp\/v2\/media?parent=20459"}],"wp:term":[{"taxonomy":"category","embeddable":true,"href":"https:\/\/cronicadesoledad.com\/index.php\/wp-json\/wp\/v2\/categories?post=20459"},{"taxonomy":"post_tag","embeddable":true,"href":"https:\/\/cronicadesoledad.com\/index.php\/wp-json\/wp\/v2\/tags?post=20459"}],"curies":[{"name":"wp","href":"https:\/\/api.w.org\/{rel}","templated":true}]}}