{"id":20477,"date":"2025-06-27T20:30:00","date_gmt":"2025-06-28T02:30:00","guid":{"rendered":"https:\/\/cronicadesoledad.com\/?p=20477"},"modified":"2025-06-27T18:27:24","modified_gmt":"2025-06-28T00:27:24","slug":"soledad-lanza-primer-campamento-de-verano-para-ninas-y-ninos-con-discapacidad","status":"publish","type":"post","link":"https:\/\/cronicadesoledad.com\/index.php\/2025\/06\/27\/soledad-lanza-primer-campamento-de-verano-para-ninas-y-ninos-con-discapacidad\/","title":{"rendered":"Soledad lanza primer campamento de verano para ni\u00f1as y ni\u00f1os con discapacidad"},"content":{"rendered":"\n<p>El municipio de Soledad de Graciano S\u00e1nchez realizar\u00e1, por primera vez, un campamento de verano dirigido exclusivamente a ni\u00f1as y ni\u00f1os con discapacidad. El objetivo es ofrecer espacios recreativos y de aprendizaje adaptados a sus necesidades, en un entorno accesible y seguro.<\/p>\n\n\n\n<p>El campamento se llevar\u00e1 a cabo del 28 de julio al 13 de agosto en la Unidad B\u00e1sica de Rehabilitaci\u00f3n (UBR) Dos, e incluir\u00e1 actividades como talleres l\u00fadicos, manualidades, pintura, y visitas a lugares como el Parque Tangamanga y el Museo Laberinto de las Ciencias y las Artes.<\/p>\n\n\n\n<p>Este esfuerzo forma parte de una estrategia m\u00e1s amplia del Sistema Municipal DIF, que tambi\u00e9n organiza campamentos de verano en sus ocho Centros de Desarrollo Comunitario, abiertos a ni\u00f1as y ni\u00f1os de entre 5 y 12 a\u00f1os.<\/p>\n\n\n\n<p>La presidenta del DIF Municipal, Mar\u00eda del Pilar Cardona Reyna, inform\u00f3 que las inscripciones ya est\u00e1n abiertas tanto en la sede central del DIF como en la UBR 2. Se contempla una cuota de recuperaci\u00f3n m\u00ednima para cubrir gastos de transporte, con el fin de facilitar la participaci\u00f3n de m\u00e1s familias.<\/p>\n\n\n\n<p>Este campamento busca fomentar la inclusi\u00f3n desde la infancia y ofrecer oportunidades de esparcimiento y desarrollo a menores con discapacidad, integr\u00e1ndolos a din\u00e1micas comunitarias que respeten y atiendan sus condiciones particulares.<\/p>\n","protected":false},"excerpt":{"rendered":"<p>El municipio de Soledad de Graciano S\u00e1nchez realizar\u00e1, por primera vez, un campamento de verano dirigido exclusivamente a ni\u00f1as y ni\u00f1os con discapacidad. El objetivo es ofrecer espacios recreativos y de aprendizaje adaptados a sus necesidades, en un entorno accesible y seguro. El campamento se llevar\u00e1 a cabo del 28 de julio al 13 de [&hellip;]<\/p>\n","protected":false},"author":1,"featured_media":20478,"comment_status":"open","ping_status":"open","sticky":false,"template":"","format":"standard","meta":{"footnotes":""},"categories":[1,24,21],"tags":[2187,4430,261,27],"class_list":{"0":"post-20477","1":"post","2":"type-post","3":"status-publish","4":"format-standard","5":"has-post-thumbnail","7":"category-destacadas","8":"category-informacion-general","9":"category-tu-soledad","10":"tag-campamento-de-verano","11":"tag-maria-del-pilar-cardona","12":"tag-slp","13":"tag-soledad"},"_links":{"self":[{"href":"https:\/\/cronicadesoledad.com\/index.php\/wp-json\/wp\/v2\/posts\/20477","targetHints":{"allow":["GET"]}}],"collection":[{"href":"https:\/\/cronicadesoledad.com\/index.php\/wp-json\/wp\/v2\/posts"}],"about":[{"href":"https:\/\/cronicadesoledad.com\/index.php\/wp-json\/wp\/v2\/types\/post"}],"author":[{"embeddable":true,"href":"https:\/\/cronicadesoledad.com\/index.php\/wp-json\/wp\/v2\/users\/1"}],"replies":[{"embeddable":true,"href":"https:\/\/cronicadesoledad.com\/index.php\/wp-json\/wp\/v2\/comments?post=20477"}],"version-history":[{"count":1,"href":"https:\/\/cronicadesoledad.com\/index.php\/wp-json\/wp\/v2\/posts\/20477\/revisions"}],"predecessor-version":[{"id":20479,"href":"https:\/\/cronicadesoledad.com\/index.php\/wp-json\/wp\/v2\/posts\/20477\/revisions\/20479"}],"wp:featuredmedia":[{"embeddable":true,"href":"https:\/\/cronicadesoledad.com\/index.php\/wp-json\/wp\/v2\/media\/20478"}],"wp:attachment":[{"href":"https:\/\/cronicadesoledad.com\/index.php\/wp-json\/wp\/v2\/media?parent=20477"}],"wp:term":[{"taxonomy":"category","embeddable":true,"href":"https:\/\/cronicadesoledad.com\/index.php\/wp-json\/wp\/v2\/categories?post=20477"},{"taxonomy":"post_tag","embeddable":true,"href":"https:\/\/cronicadesoledad.com\/index.php\/wp-json\/wp\/v2\/tags?post=20477"}],"curies":[{"name":"wp","href":"https:\/\/api.w.org\/{rel}","templated":true}]}}