{"id":20480,"date":"2025-06-27T21:30:00","date_gmt":"2025-06-28T03:30:00","guid":{"rendered":"https:\/\/cronicadesoledad.com\/?p=20480"},"modified":"2025-06-27T18:23:17","modified_gmt":"2025-06-28T00:23:17","slug":"detienen-a-hombre-en-soledad-por-robo-a-supermercado","status":"publish","type":"post","link":"https:\/\/cronicadesoledad.com\/index.php\/2025\/06\/27\/detienen-a-hombre-en-soledad-por-robo-a-supermercado\/","title":{"rendered":"Detienen a hombre en Soledad por robo a supermercado"},"content":{"rendered":"\n<p>Elementos de la Guardia Civil Municipal detuvieron a un hombre se\u00f1alado por presuntamente robar material de un establecimiento comercial ubicado en la cabecera municipal.<\/p>\n\n\n\n<p>Los hechos ocurrieron sobre la calle Negrete, a la altura de un supermercado, cuando personal del lugar solicit\u00f3 el apoyo de una patrulla que pasaba por la zona. Los empleados informaron que un individuo estaba cargando tarimas propiedad del comercio en una camioneta blanca marca Hyundai.<\/p>\n\n\n\n<p>De acuerdo con el reporte, el conductor arranc\u00f3 el veh\u00edculo e intent\u00f3 huir del sitio, lo que gener\u00f3 una persecuci\u00f3n que termin\u00f3 en la calle Abasolo, en el centro de Soledad. En el lugar, los oficiales interceptaron la unidad y entrevistaron al conductor, quien se identific\u00f3 como Rafael \u201cN\u201d, de 43 a\u00f1os de edad.<\/p>\n\n\n\n<p>El sujeto reconoci\u00f3 haber sustra\u00eddo 12 tarimas del establecimiento. A petici\u00f3n de la parte afectada, se procedi\u00f3 con su detenci\u00f3n por el probable delito de robo a comercio. Al momento del arresto, se le informaron sus derechos conforme al protocolo legal.<\/p>\n\n\n\n<p>El caso fue turnado a las autoridades correspondientes para el seguimiento legal.<\/p>\n","protected":false},"excerpt":{"rendered":"<p>Elementos de la Guardia Civil Municipal detuvieron a un hombre se\u00f1alado por presuntamente robar material de un establecimiento comercial ubicado en la cabecera municipal. Los hechos ocurrieron sobre la calle Negrete, a la altura de un supermercado, cuando personal del lugar solicit\u00f3 el apoyo de una patrulla que pasaba por la zona. Los empleados informaron [&hellip;]<\/p>\n","protected":false},"author":1,"featured_media":20481,"comment_status":"open","ping_status":"open","sticky":false,"template":"","format":"standard","meta":{"footnotes":""},"categories":[24,21],"tags":[2483,3997,913,276,261,27,4538],"class_list":{"0":"post-20480","1":"post","2":"type-post","3":"status-publish","4":"format-standard","5":"has-post-thumbnail","7":"category-informacion-general","8":"category-tu-soledad","9":"tag-guardia-civil-municipal","10":"tag-hombre-detenido","11":"tag-robo","12":"tag-seguridad","13":"tag-slp","14":"tag-soledad","15":"tag-supermercado"},"_links":{"self":[{"href":"https:\/\/cronicadesoledad.com\/index.php\/wp-json\/wp\/v2\/posts\/20480","targetHints":{"allow":["GET"]}}],"collection":[{"href":"https:\/\/cronicadesoledad.com\/index.php\/wp-json\/wp\/v2\/posts"}],"about":[{"href":"https:\/\/cronicadesoledad.com\/index.php\/wp-json\/wp\/v2\/types\/post"}],"author":[{"embeddable":true,"href":"https:\/\/cronicadesoledad.com\/index.php\/wp-json\/wp\/v2\/users\/1"}],"replies":[{"embeddable":true,"href":"https:\/\/cronicadesoledad.com\/index.php\/wp-json\/wp\/v2\/comments?post=20480"}],"version-history":[{"count":1,"href":"https:\/\/cronicadesoledad.com\/index.php\/wp-json\/wp\/v2\/posts\/20480\/revisions"}],"predecessor-version":[{"id":20485,"href":"https:\/\/cronicadesoledad.com\/index.php\/wp-json\/wp\/v2\/posts\/20480\/revisions\/20485"}],"wp:featuredmedia":[{"embeddable":true,"href":"https:\/\/cronicadesoledad.com\/index.php\/wp-json\/wp\/v2\/media\/20481"}],"wp:attachment":[{"href":"https:\/\/cronicadesoledad.com\/index.php\/wp-json\/wp\/v2\/media?parent=20480"}],"wp:term":[{"taxonomy":"category","embeddable":true,"href":"https:\/\/cronicadesoledad.com\/index.php\/wp-json\/wp\/v2\/categories?post=20480"},{"taxonomy":"post_tag","embeddable":true,"href":"https:\/\/cronicadesoledad.com\/index.php\/wp-json\/wp\/v2\/tags?post=20480"}],"curies":[{"name":"wp","href":"https:\/\/api.w.org\/{rel}","templated":true}]}}