{"id":20486,"date":"2025-06-27T22:30:00","date_gmt":"2025-06-28T04:30:00","guid":{"rendered":"https:\/\/cronicadesoledad.com\/?p=20486"},"modified":"2025-06-27T18:30:34","modified_gmt":"2025-06-28T00:30:34","slug":"detienen-a-dos-hombres-en-soledad-por-violencia-familiar","status":"publish","type":"post","link":"https:\/\/cronicadesoledad.com\/index.php\/2025\/06\/27\/detienen-a-dos-hombres-en-soledad-por-violencia-familiar\/","title":{"rendered":"Detienen a dos hombres en Soledad por violencia familiar"},"content":{"rendered":"\n<p>Elementos de la Guardia Civil Municipal realizaron la detenci\u00f3n de dos hombres se\u00f1alados por su presunta participaci\u00f3n en hechos de violencia familiar en distintas colonias del municipio.<\/p>\n\n\n\n<p>El primer caso fue atendido en un domicilio de la calle Seguridad Social, en la colonia El Polvor\u00edn, tras un reporte ciudadano. En el lugar, una mujer denunci\u00f3 que su primo estaba agrediendo f\u00edsicamente a su abuela. Al permitir el ingreso de los oficiales al inmueble, estos observaron que el se\u00f1alado jalaba del cabello a una persona de la tercera edad, por lo que procedieron a su aseguramiento.<\/p>\n\n\n\n<p>El detenido se identific\u00f3 como Carlos \u201cN\u201d, de 31 a\u00f1os, y fue puesto a disposici\u00f3n de las autoridades competentes luego de que la v\u00edctima manifest\u00f3 su intenci\u00f3n de proceder legalmente.<\/p>\n\n\n\n<p>En un segundo incidente, ocurrido en la Privada Santa Martha, colonia La Virgen, agentes municipales atendieron un llamado de auxilio en el que una mujer report\u00f3 agresiones f\u00edsicas y verbales hacia su hermano menor. La denunciante explic\u00f3 que, por encargo de su padre, ella ten\u00eda la tutela del menor y deseaba formalizar una denuncia en contra del presunto agresor.<\/p>\n\n\n\n<p>Con autorizaci\u00f3n de los habitantes del domicilio, los oficiales ingresaron y localizaron al se\u00f1alado, quien dijo llamarse Erick \u201cN\u201d. La persona agredida presentaba lesiones visibles en el rostro, por lo que se procedi\u00f3 a la detenci\u00f3n del implicado.<\/p>\n\n\n\n<p>Ambos casos fueron turnados a la instancia legal correspondiente para determinar la situaci\u00f3n jur\u00eddica de los detenidos.<\/p>\n","protected":false},"excerpt":{"rendered":"<p>Elementos de la Guardia Civil Municipal realizaron la detenci\u00f3n de dos hombres se\u00f1alados por su presunta participaci\u00f3n en hechos de violencia familiar en distintas colonias del municipio. El primer caso fue atendido en un domicilio de la calle Seguridad Social, en la colonia El Polvor\u00edn, tras un reporte ciudadano. En el lugar, una mujer denunci\u00f3 [&hellip;]<\/p>\n","protected":false},"author":1,"featured_media":20495,"comment_status":"open","ping_status":"open","sticky":false,"template":"","format":"standard","meta":{"footnotes":""},"categories":[24,21],"tags":[470,276,261,27,1900],"class_list":{"0":"post-20486","1":"post","2":"type-post","3":"status-publish","4":"format-standard","5":"has-post-thumbnail","7":"category-informacion-general","8":"category-tu-soledad","9":"tag-detenidos","10":"tag-seguridad","11":"tag-slp","12":"tag-soledad","13":"tag-violencia-familiar"},"_links":{"self":[{"href":"https:\/\/cronicadesoledad.com\/index.php\/wp-json\/wp\/v2\/posts\/20486","targetHints":{"allow":["GET"]}}],"collection":[{"href":"https:\/\/cronicadesoledad.com\/index.php\/wp-json\/wp\/v2\/posts"}],"about":[{"href":"https:\/\/cronicadesoledad.com\/index.php\/wp-json\/wp\/v2\/types\/post"}],"author":[{"embeddable":true,"href":"https:\/\/cronicadesoledad.com\/index.php\/wp-json\/wp\/v2\/users\/1"}],"replies":[{"embeddable":true,"href":"https:\/\/cronicadesoledad.com\/index.php\/wp-json\/wp\/v2\/comments?post=20486"}],"version-history":[{"count":1,"href":"https:\/\/cronicadesoledad.com\/index.php\/wp-json\/wp\/v2\/posts\/20486\/revisions"}],"predecessor-version":[{"id":20499,"href":"https:\/\/cronicadesoledad.com\/index.php\/wp-json\/wp\/v2\/posts\/20486\/revisions\/20499"}],"wp:featuredmedia":[{"embeddable":true,"href":"https:\/\/cronicadesoledad.com\/index.php\/wp-json\/wp\/v2\/media\/20495"}],"wp:attachment":[{"href":"https:\/\/cronicadesoledad.com\/index.php\/wp-json\/wp\/v2\/media?parent=20486"}],"wp:term":[{"taxonomy":"category","embeddable":true,"href":"https:\/\/cronicadesoledad.com\/index.php\/wp-json\/wp\/v2\/categories?post=20486"},{"taxonomy":"post_tag","embeddable":true,"href":"https:\/\/cronicadesoledad.com\/index.php\/wp-json\/wp\/v2\/tags?post=20486"}],"curies":[{"name":"wp","href":"https:\/\/api.w.org\/{rel}","templated":true}]}}