{"id":20510,"date":"2025-06-29T21:34:38","date_gmt":"2025-06-30T03:34:38","guid":{"rendered":"https:\/\/cronicadesoledad.com\/?p=20510"},"modified":"2025-06-29T21:34:39","modified_gmt":"2025-06-30T03:34:39","slug":"villa-de-pozos-refuerza-a-la-guardia-civil-municipal","status":"publish","type":"post","link":"https:\/\/cronicadesoledad.com\/index.php\/2025\/06\/29\/villa-de-pozos-refuerza-a-la-guardia-civil-municipal\/","title":{"rendered":"Villa de Pozos refuerza a la Guardia Civil Municipal"},"content":{"rendered":"\n<p>El <a><\/a>Gobierno Municipal de Villa de Pozos, a trav\u00e9s de la Guardia Civil Municipal, mantiene abierta la convocatoria para todas las personas interesadas en formar parte de la Polic\u00eda Preventiva, con el objetivo de fortalecer la seguridad y ampliar el n\u00famero de elementos comprometidos con el bienestar de la poblaci\u00f3n.<\/p>\n\n\n\n<p>La corporaci\u00f3n explic\u00f3 que los requisitos para aspirar a esta funci\u00f3n p\u00fablica incluyen ser mexicano por nacimiento, estar en pleno ejercicio de sus derechos pol\u00edticos y civiles, tener entre 18 y 35 a\u00f1os de edad, contar preferentemente con nivel medio superior, tener buena conducta sin antecedentes penales ni estar sujeto a proceso penal, no consumir sustancias psicotr\u00f3picas o estupefacientes, as\u00ed como contar con disponibilidad de tiempo completo, la estatura m\u00ednima requerida es de 1.60 metros para hombres y 1.50 metros para mujeres y en el caso de los varones, haber cumplido con el servicio militar nacional.<\/p>\n\n\n\n<p>Durante el periodo de formaci\u00f3n en la academia, se brindar\u00e1 un apoyo econ\u00f3mico para cubrir gastos de transporte y una vez egresados, los nuevos elementos tendr\u00e1n acceso a un sueldo mensual superior a los 11 mil pesos, servicio m\u00e9dico particular, prestaciones de ley y, sobre todo, la oportunidad de servir a las y los habitantes.<\/p>\n\n\n\n<p>La Guardia Civil Municipal destac\u00f3 que, como parte de los objetivos trazados para este a\u00f1o, se prev\u00e9 integrar al menos cien nuevos elementos a la corporaci\u00f3n, con la finalidad de consolidar una fuerza policial profesional, cercana a la ciudadan\u00eda y preparada para salvaguardar la integridad de la poblaci\u00f3n poce\u00f1a.<\/p>\n","protected":false},"excerpt":{"rendered":"<p>El Gobierno Municipal de Villa de Pozos, a trav\u00e9s de la Guardia Civil Municipal, mantiene abierta la convocatoria para todas las personas interesadas en formar parte de la Polic\u00eda Preventiva, con el objetivo de fortalecer la seguridad y ampliar el n\u00famero de elementos comprometidos con el bienestar de la poblaci\u00f3n. La corporaci\u00f3n explic\u00f3 que los [&hellip;]<\/p>\n","protected":false},"author":1,"featured_media":20511,"comment_status":"open","ping_status":"open","sticky":false,"template":"","format":"standard","meta":{"footnotes":""},"categories":[24,3175,19],"tags":[3198,294,276,261,1068],"class_list":{"0":"post-20510","1":"post","2":"type-post","3":"status-publish","4":"format-standard","5":"has-post-thumbnail","7":"category-informacion-general","8":"category-pozos","9":"category-seguridad","10":"tag-guardia-civil-municial","11":"tag-san-luis","12":"tag-seguridad","13":"tag-slp","14":"tag-villa-de-pozos"},"_links":{"self":[{"href":"https:\/\/cronicadesoledad.com\/index.php\/wp-json\/wp\/v2\/posts\/20510","targetHints":{"allow":["GET"]}}],"collection":[{"href":"https:\/\/cronicadesoledad.com\/index.php\/wp-json\/wp\/v2\/posts"}],"about":[{"href":"https:\/\/cronicadesoledad.com\/index.php\/wp-json\/wp\/v2\/types\/post"}],"author":[{"embeddable":true,"href":"https:\/\/cronicadesoledad.com\/index.php\/wp-json\/wp\/v2\/users\/1"}],"replies":[{"embeddable":true,"href":"https:\/\/cronicadesoledad.com\/index.php\/wp-json\/wp\/v2\/comments?post=20510"}],"version-history":[{"count":1,"href":"https:\/\/cronicadesoledad.com\/index.php\/wp-json\/wp\/v2\/posts\/20510\/revisions"}],"predecessor-version":[{"id":20512,"href":"https:\/\/cronicadesoledad.com\/index.php\/wp-json\/wp\/v2\/posts\/20510\/revisions\/20512"}],"wp:featuredmedia":[{"embeddable":true,"href":"https:\/\/cronicadesoledad.com\/index.php\/wp-json\/wp\/v2\/media\/20511"}],"wp:attachment":[{"href":"https:\/\/cronicadesoledad.com\/index.php\/wp-json\/wp\/v2\/media?parent=20510"}],"wp:term":[{"taxonomy":"category","embeddable":true,"href":"https:\/\/cronicadesoledad.com\/index.php\/wp-json\/wp\/v2\/categories?post=20510"},{"taxonomy":"post_tag","embeddable":true,"href":"https:\/\/cronicadesoledad.com\/index.php\/wp-json\/wp\/v2\/tags?post=20510"}],"curies":[{"name":"wp","href":"https:\/\/api.w.org\/{rel}","templated":true}]}}