{"id":20519,"date":"2025-06-30T07:00:00","date_gmt":"2025-06-30T13:00:00","guid":{"rendered":"https:\/\/cronicadesoledad.com\/?p=20519"},"modified":"2025-06-29T22:05:32","modified_gmt":"2025-06-30T04:05:32","slug":"villa-de-pozos-responde-con-acciones-ante-deterioro-historico-de-calles","status":"publish","type":"post","link":"https:\/\/cronicadesoledad.com\/index.php\/2025\/06\/30\/villa-de-pozos-responde-con-acciones-ante-deterioro-historico-de-calles\/","title":{"rendered":"Villa de Pozos responde con acciones ante deterioro hist\u00f3rico de calles"},"content":{"rendered":"\n<p>Como parte del compromiso por mejorar las vialidades y brindar el mantenimiento correctivo que durante a\u00f1os fue ignorado, el Gobierno Municipal de Villa de Pozos ha intensificado los trabajos de bacheo emergente en diversos puntos del municipio, con el objetivo es mejorar la seguridad vial y garantizar una circulaci\u00f3n m\u00e1s fluida y segura, tanto para veh\u00edculos como para peatones.<\/p>\n\n\n\n<p>Para reforzar estas labores, la Direcci\u00f3n de Infraestructura y Fortalecimiento Municipal destin\u00f3 cuatro cuadrillas adicionales, con el fin de atender de manera m\u00e1s eficiente las colonias que presentan mayores da\u00f1os en su infraestructura vial y responder de forma oportuna a las demandas ciudadanas, inform\u00f3 la presidenta concejal.<\/p>\n\n\n\n<p>Rivera Acevedo record\u00f3 que, al recibir el nuevo municipio, se detect\u00f3 que m\u00e1s del 80% de las vialidades presentaban un grave deterioro, resultado del abandono de administraciones anteriores, a esto se suman los problemas generados por drenajes obsoletos y colapsados, que no fueron atendidos por Interapas, y que han provocado da\u00f1os significativos en el pavimento, generando la formaci\u00f3n de baches.<\/p>\n\n\n\n<p>Desde el inicio de la administraci\u00f3n se\u00f1al\u00f3, se ha intervenido en zonas como la cabecera municipal, donde incluso se han reparado hundimientos provocados por fallas en la red de drenaje.<\/p>\n\n\n\n<p>Actualmente, se trabaja en sectores de la zona urbana como Bosques de las Flores, entre otros puntos identificados con afectaciones importantes.<\/p>\n\n\n\n<p>En particular, adelant\u00f3 que esta semana comenzar\u00e1 la primera fase de rehabilitaci\u00f3n integral de la vialidad Camino a Santa Rita, una arteria de gran importancia para la conectividad del municipio.<\/p>\n\n\n\n<p>Finalmente, Rivera Acevedo asegur\u00f3 que, mientras las condiciones clim\u00e1ticas lo permitan, se dar\u00e1 atenci\u00f3n a todas las colonias y reportes ciudadanos, bajo una programaci\u00f3n estrat\u00e9gica y equitativa, con el firme prop\u00f3sito de mejorar la calidad de vida de las y los habitantes de Villa de Pozos.<\/p>\n","protected":false},"excerpt":{"rendered":"<p>Como parte del compromiso por mejorar las vialidades y brindar el mantenimiento correctivo que durante a\u00f1os fue ignorado, el Gobierno Municipal de Villa de Pozos ha intensificado los trabajos de bacheo emergente en diversos puntos del municipio, con el objetivo es mejorar la seguridad vial y garantizar una circulaci\u00f3n m\u00e1s fluida y segura, tanto para [&hellip;]<\/p>\n","protected":false},"author":1,"featured_media":20520,"comment_status":"open","ping_status":"open","sticky":false,"template":"","format":"standard","meta":{"footnotes":""},"categories":[24,3175],"tags":[1245,294,261,1068],"class_list":{"0":"post-20519","1":"post","2":"type-post","3":"status-publish","4":"format-standard","5":"has-post-thumbnail","7":"category-informacion-general","8":"category-pozos","9":"tag-infraestructura","10":"tag-san-luis","11":"tag-slp","12":"tag-villa-de-pozos"},"_links":{"self":[{"href":"https:\/\/cronicadesoledad.com\/index.php\/wp-json\/wp\/v2\/posts\/20519","targetHints":{"allow":["GET"]}}],"collection":[{"href":"https:\/\/cronicadesoledad.com\/index.php\/wp-json\/wp\/v2\/posts"}],"about":[{"href":"https:\/\/cronicadesoledad.com\/index.php\/wp-json\/wp\/v2\/types\/post"}],"author":[{"embeddable":true,"href":"https:\/\/cronicadesoledad.com\/index.php\/wp-json\/wp\/v2\/users\/1"}],"replies":[{"embeddable":true,"href":"https:\/\/cronicadesoledad.com\/index.php\/wp-json\/wp\/v2\/comments?post=20519"}],"version-history":[{"count":1,"href":"https:\/\/cronicadesoledad.com\/index.php\/wp-json\/wp\/v2\/posts\/20519\/revisions"}],"predecessor-version":[{"id":20521,"href":"https:\/\/cronicadesoledad.com\/index.php\/wp-json\/wp\/v2\/posts\/20519\/revisions\/20521"}],"wp:featuredmedia":[{"embeddable":true,"href":"https:\/\/cronicadesoledad.com\/index.php\/wp-json\/wp\/v2\/media\/20520"}],"wp:attachment":[{"href":"https:\/\/cronicadesoledad.com\/index.php\/wp-json\/wp\/v2\/media?parent=20519"}],"wp:term":[{"taxonomy":"category","embeddable":true,"href":"https:\/\/cronicadesoledad.com\/index.php\/wp-json\/wp\/v2\/categories?post=20519"},{"taxonomy":"post_tag","embeddable":true,"href":"https:\/\/cronicadesoledad.com\/index.php\/wp-json\/wp\/v2\/tags?post=20519"}],"curies":[{"name":"wp","href":"https:\/\/api.w.org\/{rel}","templated":true}]}}