{"id":20522,"date":"2025-06-30T08:00:00","date_gmt":"2025-06-30T14:00:00","guid":{"rendered":"https:\/\/cronicadesoledad.com\/?p=20522"},"modified":"2025-06-29T22:11:27","modified_gmt":"2025-06-30T04:11:27","slug":"mas-de-160-vacantes-en-jornada-laboral-de-villa-de-pozos","status":"publish","type":"post","link":"https:\/\/cronicadesoledad.com\/index.php\/2025\/06\/30\/mas-de-160-vacantes-en-jornada-laboral-de-villa-de-pozos\/","title":{"rendered":"M\u00e1s de 160 vacantes en jornada laboral de Villa de Pozos"},"content":{"rendered":"\n<p>El Gobierno Municipal con apoyo de la Secretar\u00eda del Trabajo ofertaron empleos dignos en el deportivo Las Cruces.<\/p>\n\n\n\n<p>El Gobierno Municipal de Villa de Pozos, a trav\u00e9s de la Direcci\u00f3n de Desarrollo Econ\u00f3mico y en coordinaci\u00f3n con la Secretar\u00eda del Trabajo, llev\u00f3 a cabo con \u00e9xito una nueva jornada laboral en el deportivo Las Cruces, en donde se acercaron m\u00e1s de 160 vacantes a las y los habitantes de la zona.<\/p>\n\n\n\n<p>Durante esta jornada, participaron m\u00e1s de 10 empresas con el objetivo de ofrecer oportunidades laborales dignas y formales a la poblaci\u00f3n poce\u00f1a, ya que, se evita que se trasladen a distancias largos y mejore directamente su calidad de vida.<\/p>\n\n\n\n<p>El director de Desarrollo Econ\u00f3mico, Juan Alejandro M\u00e9ndez Zavala, destac\u00f3 que estas acciones permiten que habitantes y vecinos de Villa de Pozos se integren de manera formal al mercado laboral sin tener que salir de su colonia gracias al apoyo del Gobierno Municipal<\/p>\n\n\n\n<p>Explic\u00f3 que, se trabajar\u00e1 en la organizaci\u00f3n de estas jornadas en distintas zonas del municipio, como parte de la estrategia para promover el empleo formal, impulsar la econom\u00eda local y generar un entorno m\u00e1s equitativo y accesible para todas y todos.<\/p>\n","protected":false},"excerpt":{"rendered":"<p>El Gobierno Municipal con apoyo de la Secretar\u00eda del Trabajo ofertaron empleos dignos en el deportivo Las Cruces. El Gobierno Municipal de Villa de Pozos, a trav\u00e9s de la Direcci\u00f3n de Desarrollo Econ\u00f3mico y en coordinaci\u00f3n con la Secretar\u00eda del Trabajo, llev\u00f3 a cabo con \u00e9xito una nueva jornada laboral en el deportivo Las Cruces, [&hellip;]<\/p>\n","protected":false},"author":1,"featured_media":20524,"comment_status":"open","ping_status":"open","sticky":false,"template":"","format":"standard","meta":{"footnotes":""},"categories":[24,3175],"tags":[2647,294,261,1068],"class_list":{"0":"post-20522","1":"post","2":"type-post","3":"status-publish","4":"format-standard","5":"has-post-thumbnail","7":"category-informacion-general","8":"category-pozos","9":"tag-jornada-laboral","10":"tag-san-luis","11":"tag-slp","12":"tag-villa-de-pozos"},"_links":{"self":[{"href":"https:\/\/cronicadesoledad.com\/index.php\/wp-json\/wp\/v2\/posts\/20522","targetHints":{"allow":["GET"]}}],"collection":[{"href":"https:\/\/cronicadesoledad.com\/index.php\/wp-json\/wp\/v2\/posts"}],"about":[{"href":"https:\/\/cronicadesoledad.com\/index.php\/wp-json\/wp\/v2\/types\/post"}],"author":[{"embeddable":true,"href":"https:\/\/cronicadesoledad.com\/index.php\/wp-json\/wp\/v2\/users\/1"}],"replies":[{"embeddable":true,"href":"https:\/\/cronicadesoledad.com\/index.php\/wp-json\/wp\/v2\/comments?post=20522"}],"version-history":[{"count":1,"href":"https:\/\/cronicadesoledad.com\/index.php\/wp-json\/wp\/v2\/posts\/20522\/revisions"}],"predecessor-version":[{"id":20525,"href":"https:\/\/cronicadesoledad.com\/index.php\/wp-json\/wp\/v2\/posts\/20522\/revisions\/20525"}],"wp:featuredmedia":[{"embeddable":true,"href":"https:\/\/cronicadesoledad.com\/index.php\/wp-json\/wp\/v2\/media\/20524"}],"wp:attachment":[{"href":"https:\/\/cronicadesoledad.com\/index.php\/wp-json\/wp\/v2\/media?parent=20522"}],"wp:term":[{"taxonomy":"category","embeddable":true,"href":"https:\/\/cronicadesoledad.com\/index.php\/wp-json\/wp\/v2\/categories?post=20522"},{"taxonomy":"post_tag","embeddable":true,"href":"https:\/\/cronicadesoledad.com\/index.php\/wp-json\/wp\/v2\/tags?post=20522"}],"curies":[{"name":"wp","href":"https:\/\/api.w.org\/{rel}","templated":true}]}}