{"id":20542,"date":"2025-06-30T03:05:00","date_gmt":"2025-06-30T09:05:00","guid":{"rendered":"https:\/\/cronicadesoledad.com\/?p=20542"},"modified":"2025-06-30T00:11:38","modified_gmt":"2025-06-30T06:11:38","slug":"busca-galindo-que-el-papa-visite-a-slp","status":"publish","type":"post","link":"https:\/\/cronicadesoledad.com\/index.php\/2025\/06\/30\/busca-galindo-que-el-papa-visite-a-slp\/","title":{"rendered":"Busca Galindo que el Papa visite a SLP"},"content":{"rendered":"\n<p>El Alcalde de San Luis Potos\u00ed, Enrique Galindo Ceballos, sostuvo una serie de encuentros oficiales en la Santa Sede con el prop\u00f3sito de gestionar la inclusi\u00f3n de la capital potosina como destino en un eventual viaje apost\u00f3lico de Su Santidad el Papa Le\u00f3n XIV a territorio mexicano. La visita se realiz\u00f3 como parte de una agenda institucional organizada por la Asociaci\u00f3n de Municipios de M\u00e9xico.<\/p>\n\n\n\n<p>Durante su estancia en el Vaticano, Galindo particip\u00f3 en una audiencia con el Pont\u00edfice y sostuvo un di\u00e1logo con el Embajador de M\u00e9xico ante la Santa Sede, Alberto Barranco Chavarr\u00eda, ante quien manifest\u00f3 que San Luis Potos\u00ed se encuentra preparado y expectante para recibir al m\u00e1ximo jerarca de la Iglesia Cat\u00f3lica.<\/p>\n\n\n\n<p>\u201cEl Papa conoce nuestra ciudad y estoy seguro de que lo tendr\u00e1 presente\u201d, declar\u00f3 el edil potosino, al tiempo que destac\u00f3 la relevancia de posicionar a San Luis Potos\u00ed en escenarios internacionales de alto nivel.<\/p>\n\n\n\n<p>En el marco de su agenda, el Alcalde present\u00f3 diversas iniciativas encaminadas a fortalecer los lazos entre la capital potosina y la Santa Sede. \u201cMuy pronto les dar\u00e9 m\u00e1s detalles. Seguimos construyendo puentes que conecten nuestra ciudad con el mundo\u201d, a\u00f1adi\u00f3.<\/p>\n\n\n\n<p>Finalmente, Galindo Ceballos subray\u00f3 que esta gira de trabajo se efectu\u00f3 sin implicar erogaciones de recursos p\u00fablicos municipales, en atenci\u00f3n a criterios de responsabilidad presupuestal.<\/p>\n","protected":false},"excerpt":{"rendered":"<p>El Alcalde de San Luis Potos\u00ed, Enrique Galindo Ceballos, sostuvo una serie de encuentros oficiales en la Santa Sede con el prop\u00f3sito de gestionar la inclusi\u00f3n de la capital potosina como destino en un eventual viaje apost\u00f3lico de Su Santidad el Papa Le\u00f3n XIV a territorio mexicano. La visita se realiz\u00f3 como parte de una [&hellip;]<\/p>\n","protected":false},"author":2,"featured_media":20543,"comment_status":"open","ping_status":"open","sticky":false,"template":"","format":"standard","meta":{"footnotes":""},"categories":[1,24,3080],"tags":[2502,4135,294,4547,261],"class_list":{"0":"post-20542","1":"post","2":"type-post","3":"status-publish","4":"format-standard","5":"has-post-thumbnail","7":"category-destacadas","8":"category-informacion-general","9":"category-slp","10":"tag-enrique-galindo-ceballos","11":"tag-papa","12":"tag-san-luis","13":"tag-sayuntamiento-capitalino","14":"tag-slp"},"_links":{"self":[{"href":"https:\/\/cronicadesoledad.com\/index.php\/wp-json\/wp\/v2\/posts\/20542","targetHints":{"allow":["GET"]}}],"collection":[{"href":"https:\/\/cronicadesoledad.com\/index.php\/wp-json\/wp\/v2\/posts"}],"about":[{"href":"https:\/\/cronicadesoledad.com\/index.php\/wp-json\/wp\/v2\/types\/post"}],"author":[{"embeddable":true,"href":"https:\/\/cronicadesoledad.com\/index.php\/wp-json\/wp\/v2\/users\/2"}],"replies":[{"embeddable":true,"href":"https:\/\/cronicadesoledad.com\/index.php\/wp-json\/wp\/v2\/comments?post=20542"}],"version-history":[{"count":1,"href":"https:\/\/cronicadesoledad.com\/index.php\/wp-json\/wp\/v2\/posts\/20542\/revisions"}],"predecessor-version":[{"id":20544,"href":"https:\/\/cronicadesoledad.com\/index.php\/wp-json\/wp\/v2\/posts\/20542\/revisions\/20544"}],"wp:featuredmedia":[{"embeddable":true,"href":"https:\/\/cronicadesoledad.com\/index.php\/wp-json\/wp\/v2\/media\/20543"}],"wp:attachment":[{"href":"https:\/\/cronicadesoledad.com\/index.php\/wp-json\/wp\/v2\/media?parent=20542"}],"wp:term":[{"taxonomy":"category","embeddable":true,"href":"https:\/\/cronicadesoledad.com\/index.php\/wp-json\/wp\/v2\/categories?post=20542"},{"taxonomy":"post_tag","embeddable":true,"href":"https:\/\/cronicadesoledad.com\/index.php\/wp-json\/wp\/v2\/tags?post=20542"}],"curies":[{"name":"wp","href":"https:\/\/api.w.org\/{rel}","templated":true}]}}