{"id":20545,"date":"2025-06-30T03:07:00","date_gmt":"2025-06-30T09:07:00","guid":{"rendered":"https:\/\/cronicadesoledad.com\/?p=20545"},"modified":"2025-06-30T00:14:15","modified_gmt":"2025-06-30T06:14:15","slug":"multitudinaria-marcha-lgbtiq-reclama-justicia-y-visibilidad","status":"publish","type":"post","link":"https:\/\/cronicadesoledad.com\/index.php\/2025\/06\/30\/multitudinaria-marcha-lgbtiq-reclama-justicia-y-visibilidad\/","title":{"rendered":"Multitudinaria marcha LGBTIQ+ reclama justicia y visibilidad"},"content":{"rendered":"\n<p>La Ciudad de M\u00e9xico vibr\u00f3 este s\u00e1bado 28 de junio con la 47\u00aa Marcha del Orgullo LGBTIQ+, donde m\u00e1s de 800\u202f000 personas recorrieron desde el \u00c1ngel de la Independencia hasta el Z\u00f3calo. Bajo el lema \u201cDiversidad sin fronteras. Justicia, resistencia y unidad\u201d, la movilizaci\u00f3n combin\u00f3 celebraci\u00f3n, reivindicaci\u00f3n y exigencia de un alto a los discursos de odio hacia la comunidad.<\/p>\n\n\n\n<p>Desde temprano, los contingentes \u2013familias, colectivos art\u00edsticos, migrantes y de organizaciones civiles\u2013 inundaron Paseo de la Reforma, luciendo trajes coloridos, lentejuelas, plumas y arte esc\u00e9nico. Un tramo de silencio atraves\u00f3 la marcha en memoria de las v\u00edctimas de cr\u00edmenes de odio y personas desaparecidas.<\/p>\n\n\n\n<p>El recorrido concluy\u00f3 en el Z\u00f3calo con un concierto gratuito que incluy\u00f3 la coronaci\u00f3n de reyes y reinas del Orgullo, y presentaciones de artistas como Flor Amargo y Mariana Ochoa. A pesar de las festividades, se mantuvo un fuerte tono pol\u00edtico, con denuncias p\u00fablicas por violencia y exigencias de inclusi\u00f3n para personas trans, migrantes y acad\u00e9micas.<\/p>\n\n\n\n<p>Tras el paso de la marcha, la Secretar\u00eda de Cultura y Seguridad Ciudadana reportaron un ambiente pac\u00edfico y sin incidentes mayores. Se restableci\u00f3 la circulaci\u00f3n vial y se anunci\u00f3 extensi\u00f3n de servicio del transporte nocturno. La edici\u00f3n 2025 se consolida como una de las m\u00e1s grandes y significativas en la historia reciente de la capital.<\/p>\n","protected":false},"excerpt":{"rendered":"<p>La Ciudad de M\u00e9xico vibr\u00f3 este s\u00e1bado 28 de junio con la 47\u00aa Marcha del Orgullo LGBTIQ+, donde m\u00e1s de 800\u202f000 personas recorrieron desde el \u00c1ngel de la Independencia hasta el Z\u00f3calo. Bajo el lema \u201cDiversidad sin fronteras. Justicia, resistencia y unidad\u201d, la movilizaci\u00f3n combin\u00f3 celebraci\u00f3n, reivindicaci\u00f3n y exigencia de un alto a los discursos [&hellip;]<\/p>\n","protected":false},"author":2,"featured_media":20546,"comment_status":"open","ping_status":"open","sticky":false,"template":"","format":"standard","meta":{"footnotes":""},"categories":[1,24],"tags":[498,1910,287,2466,294,261,27],"class_list":{"0":"post-20545","1":"post","2":"type-post","3":"status-publish","4":"format-standard","5":"has-post-thumbnail","7":"category-destacadas","8":"category-informacion-general","9":"tag-cdmx","10":"tag-marcha","11":"tag-nacional","12":"tag-orgullo-lgbtiq","13":"tag-san-luis","14":"tag-slp","15":"tag-soledad"},"_links":{"self":[{"href":"https:\/\/cronicadesoledad.com\/index.php\/wp-json\/wp\/v2\/posts\/20545","targetHints":{"allow":["GET"]}}],"collection":[{"href":"https:\/\/cronicadesoledad.com\/index.php\/wp-json\/wp\/v2\/posts"}],"about":[{"href":"https:\/\/cronicadesoledad.com\/index.php\/wp-json\/wp\/v2\/types\/post"}],"author":[{"embeddable":true,"href":"https:\/\/cronicadesoledad.com\/index.php\/wp-json\/wp\/v2\/users\/2"}],"replies":[{"embeddable":true,"href":"https:\/\/cronicadesoledad.com\/index.php\/wp-json\/wp\/v2\/comments?post=20545"}],"version-history":[{"count":1,"href":"https:\/\/cronicadesoledad.com\/index.php\/wp-json\/wp\/v2\/posts\/20545\/revisions"}],"predecessor-version":[{"id":20547,"href":"https:\/\/cronicadesoledad.com\/index.php\/wp-json\/wp\/v2\/posts\/20545\/revisions\/20547"}],"wp:featuredmedia":[{"embeddable":true,"href":"https:\/\/cronicadesoledad.com\/index.php\/wp-json\/wp\/v2\/media\/20546"}],"wp:attachment":[{"href":"https:\/\/cronicadesoledad.com\/index.php\/wp-json\/wp\/v2\/media?parent=20545"}],"wp:term":[{"taxonomy":"category","embeddable":true,"href":"https:\/\/cronicadesoledad.com\/index.php\/wp-json\/wp\/v2\/categories?post=20545"},{"taxonomy":"post_tag","embeddable":true,"href":"https:\/\/cronicadesoledad.com\/index.php\/wp-json\/wp\/v2\/tags?post=20545"}],"curies":[{"name":"wp","href":"https:\/\/api.w.org\/{rel}","templated":true}]}}