{"id":20559,"date":"2025-06-30T17:00:00","date_gmt":"2025-06-30T23:00:00","guid":{"rendered":"https:\/\/cronicadesoledad.com\/?p=20559"},"modified":"2025-06-30T16:48:15","modified_gmt":"2025-06-30T22:48:15","slug":"ciudadania-participa-en-jornada-de-reciclaje-y-reforestacion-por-el-dia-del-arbol-en-slp","status":"publish","type":"post","link":"https:\/\/cronicadesoledad.com\/index.php\/2025\/06\/30\/ciudadania-participa-en-jornada-de-reciclaje-y-reforestacion-por-el-dia-del-arbol-en-slp\/","title":{"rendered":"Ciudadan\u00eda participa en jornada de reciclaje y reforestaci\u00f3n por el D\u00eda del \u00c1rbol en SLP"},"content":{"rendered":"\n<p>Con motivo del D\u00eda Internacional del \u00c1rbol, la Secretar\u00eda de Ecolog\u00eda y Gesti\u00f3n Ambiental (Segam) llev\u00f3 a cabo una jornada ambiental enfocada en la recolecci\u00f3n de residuos y la entrega de \u00e1rboles a la poblaci\u00f3n.<\/p>\n\n\n\n<p>Durante la actividad, las personas pudieron intercambiar residuos como aparatos electr\u00f3nicos, botellas de PET y tapitas de pl\u00e1stico por \u00e1rboles, como parte de una estrategia para promover el reciclaje y la reforestaci\u00f3n en el estado.<\/p>\n\n\n\n<p>La jornada se realiz\u00f3 en colaboraci\u00f3n con Grupo ACIR y reuni\u00f3 a decenas de participantes. La Segam inform\u00f3 que esta iniciativa tiene como objetivo fortalecer la conciencia ambiental y fomentar acciones que contribuyan al cuidado del entorno natural.<\/p>\n\n\n\n<p>El evento forma parte de las acciones estatales dirigidas a impulsar la sostenibilidad y la participaci\u00f3n ciudadana en temas ecol\u00f3gicos.<\/p>\n","protected":false},"excerpt":{"rendered":"<p>Con motivo del D\u00eda Internacional del \u00c1rbol, la Secretar\u00eda de Ecolog\u00eda y Gesti\u00f3n Ambiental (Segam) llev\u00f3 a cabo una jornada ambiental enfocada en la recolecci\u00f3n de residuos y la entrega de \u00e1rboles a la poblaci\u00f3n. Durante la actividad, las personas pudieron intercambiar residuos como aparatos electr\u00f3nicos, botellas de PET y tapitas de pl\u00e1stico por \u00e1rboles, [&hellip;]<\/p>\n","protected":false},"author":1,"featured_media":20560,"comment_status":"open","ping_status":"open","sticky":false,"template":"","format":"standard","meta":{"footnotes":""},"categories":[24,3163],"tags":[4552,4425,794,3143,261],"class_list":{"0":"post-20559","1":"post","2":"type-post","3":"status-publish","4":"format-standard","5":"has-post-thumbnail","7":"category-informacion-general","8":"category-san-luis-potosi","9":"tag-dia-del-arbol","10":"tag-reciclaje","11":"tag-reforestacion","12":"tag-segam","13":"tag-slp"},"_links":{"self":[{"href":"https:\/\/cronicadesoledad.com\/index.php\/wp-json\/wp\/v2\/posts\/20559","targetHints":{"allow":["GET"]}}],"collection":[{"href":"https:\/\/cronicadesoledad.com\/index.php\/wp-json\/wp\/v2\/posts"}],"about":[{"href":"https:\/\/cronicadesoledad.com\/index.php\/wp-json\/wp\/v2\/types\/post"}],"author":[{"embeddable":true,"href":"https:\/\/cronicadesoledad.com\/index.php\/wp-json\/wp\/v2\/users\/1"}],"replies":[{"embeddable":true,"href":"https:\/\/cronicadesoledad.com\/index.php\/wp-json\/wp\/v2\/comments?post=20559"}],"version-history":[{"count":1,"href":"https:\/\/cronicadesoledad.com\/index.php\/wp-json\/wp\/v2\/posts\/20559\/revisions"}],"predecessor-version":[{"id":20561,"href":"https:\/\/cronicadesoledad.com\/index.php\/wp-json\/wp\/v2\/posts\/20559\/revisions\/20561"}],"wp:featuredmedia":[{"embeddable":true,"href":"https:\/\/cronicadesoledad.com\/index.php\/wp-json\/wp\/v2\/media\/20560"}],"wp:attachment":[{"href":"https:\/\/cronicadesoledad.com\/index.php\/wp-json\/wp\/v2\/media?parent=20559"}],"wp:term":[{"taxonomy":"category","embeddable":true,"href":"https:\/\/cronicadesoledad.com\/index.php\/wp-json\/wp\/v2\/categories?post=20559"},{"taxonomy":"post_tag","embeddable":true,"href":"https:\/\/cronicadesoledad.com\/index.php\/wp-json\/wp\/v2\/tags?post=20559"}],"curies":[{"name":"wp","href":"https:\/\/api.w.org\/{rel}","templated":true}]}}