{"id":20592,"date":"2025-07-01T09:00:00","date_gmt":"2025-07-01T15:00:00","guid":{"rendered":"https:\/\/cronicadesoledad.com\/?p=20592"},"modified":"2025-07-01T02:19:59","modified_gmt":"2025-07-01T08:19:59","slug":"villa-de-pozos-fortalece-legalidad-y-profesionalismo-del-transporte-publico","status":"publish","type":"post","link":"https:\/\/cronicadesoledad.com\/index.php\/2025\/07\/01\/villa-de-pozos-fortalece-legalidad-y-profesionalismo-del-transporte-publico\/","title":{"rendered":"Villa de Pozos fortalece legalidad y profesionalismo del transporte p\u00fablico"},"content":{"rendered":"\n<p>El Gobierno Municipal de Villa de Pozos, en coordinaci\u00f3n con la Secretar\u00eda de Comunicaciones y Transportes (SCT), llev\u00f3 a cabo una jornada de capacitaci\u00f3n dirigida a m\u00e1s de 200 operadores del transporte p\u00fablico, como parte del Plan Estatal de Regularizaci\u00f3n para mejorar el servicio que se brinda a los usuarios y fortalecer las condiciones laborales de quienes se dedican al transporte.<\/p>\n\n\n\n<p>Durante la jornada, personal especializado de la SCT aplic\u00f3 pruebas psicom\u00e9tricas a los asistentes para evaluar aspectos como personalidad, toma de decisiones y desempe\u00f1o en situaciones laborales, informaci\u00f3n fundamental para fomentar una cultura de responsabilidad, seguridad y eficiencia dentro del sector transportista del municipio.<\/p>\n\n\n\n<p>La Presidenta Concejal, Teresa Rivera Acevedo, destac\u00f3 que esta jornada representa un paso importante hacia la mejora del transporte p\u00fablico en la localidad y se\u00f1al\u00f3 que las grandes obras de infraestructura en marcha permitir\u00e1n conservar y optimizar las rutas de transporte, para beneficio directo a la poblaci\u00f3n y al gremio.<\/p>\n\n\n\n<p>La titular de la SCT, Araceli Mart\u00ednez Acosta, reconoci\u00f3 la labor de miles de transportistas en todo el estado y reiter\u00f3 el compromiso de la Secretar\u00eda para brindarles el respaldo necesario en este proceso de regularizaci\u00f3n y mejora continua, adem\u00e1s de valorar el trabajo de quienes est\u00e1n todos los d\u00edas en las calles.<\/p>\n","protected":false},"excerpt":{"rendered":"<p>El Gobierno Municipal de Villa de Pozos, en coordinaci\u00f3n con la Secretar\u00eda de Comunicaciones y Transportes (SCT), llev\u00f3 a cabo una jornada de capacitaci\u00f3n dirigida a m\u00e1s de 200 operadores del transporte p\u00fablico, como parte del Plan Estatal de Regularizaci\u00f3n para mejorar el servicio que se brinda a los usuarios y fortalecer las condiciones laborales [&hellip;]<\/p>\n","protected":false},"author":1,"featured_media":20593,"comment_status":"open","ping_status":"open","sticky":false,"template":"","format":"standard","meta":{"footnotes":""},"categories":[24,3175],"tags":[294,1579,261,1068],"class_list":{"0":"post-20592","1":"post","2":"type-post","3":"status-publish","4":"format-standard","5":"has-post-thumbnail","7":"category-informacion-general","8":"category-pozos","9":"tag-san-luis","10":"tag-sct","11":"tag-slp","12":"tag-villa-de-pozos"},"_links":{"self":[{"href":"https:\/\/cronicadesoledad.com\/index.php\/wp-json\/wp\/v2\/posts\/20592","targetHints":{"allow":["GET"]}}],"collection":[{"href":"https:\/\/cronicadesoledad.com\/index.php\/wp-json\/wp\/v2\/posts"}],"about":[{"href":"https:\/\/cronicadesoledad.com\/index.php\/wp-json\/wp\/v2\/types\/post"}],"author":[{"embeddable":true,"href":"https:\/\/cronicadesoledad.com\/index.php\/wp-json\/wp\/v2\/users\/1"}],"replies":[{"embeddable":true,"href":"https:\/\/cronicadesoledad.com\/index.php\/wp-json\/wp\/v2\/comments?post=20592"}],"version-history":[{"count":1,"href":"https:\/\/cronicadesoledad.com\/index.php\/wp-json\/wp\/v2\/posts\/20592\/revisions"}],"predecessor-version":[{"id":20594,"href":"https:\/\/cronicadesoledad.com\/index.php\/wp-json\/wp\/v2\/posts\/20592\/revisions\/20594"}],"wp:featuredmedia":[{"embeddable":true,"href":"https:\/\/cronicadesoledad.com\/index.php\/wp-json\/wp\/v2\/media\/20593"}],"wp:attachment":[{"href":"https:\/\/cronicadesoledad.com\/index.php\/wp-json\/wp\/v2\/media?parent=20592"}],"wp:term":[{"taxonomy":"category","embeddable":true,"href":"https:\/\/cronicadesoledad.com\/index.php\/wp-json\/wp\/v2\/categories?post=20592"},{"taxonomy":"post_tag","embeddable":true,"href":"https:\/\/cronicadesoledad.com\/index.php\/wp-json\/wp\/v2\/tags?post=20592"}],"curies":[{"name":"wp","href":"https:\/\/api.w.org\/{rel}","templated":true}]}}