{"id":20627,"date":"2025-07-01T21:30:00","date_gmt":"2025-07-02T03:30:00","guid":{"rendered":"https:\/\/cronicadesoledad.com\/?p=20627"},"modified":"2025-07-01T18:58:21","modified_gmt":"2025-07-02T00:58:21","slug":"hoteles-deben-centrarse-en-experiencias-turisticas-no-solo-en-hospedaje-amhm","status":"publish","type":"post","link":"https:\/\/cronicadesoledad.com\/index.php\/2025\/07\/01\/hoteles-deben-centrarse-en-experiencias-turisticas-no-solo-en-hospedaje-amhm\/","title":{"rendered":"Hoteles deben centrarse en experiencias tur\u00edsticas, no solo en hospedaje: AMHM"},"content":{"rendered":"\n<p>De cara a la pr\u00f3xima temporada vacacional, los hoteles deben replantear sus estrategias comerciales y enfocarse en ofrecer experiencias completas, no \u00fanicamente alojamiento, advirti\u00f3 Iv\u00e1n Ch\u00e1vez, presidente de la Asociaci\u00f3n Mexicana de Hoteles y Moteles (AMHM) en San Luis Potos\u00ed.<\/p>\n\n\n\n<p>Ch\u00e1vez se\u00f1al\u00f3 que la clave para atraer a m\u00e1s visitantes est\u00e1 en dise\u00f1ar paquetes tur\u00edsticos centrados en actividades, donde el hospedaje se adapte al tipo de experiencia que busca cada perfil de viajero: familias, parejas, estudiantes o grupos organizados.<\/p>\n\n\n\n<p>\u201cYa no se trata de vender solo habitaciones. El turista decide su destino por las experiencias que vivir\u00e1, no por el hotel. Por eso trabajamos en conjunto con agencias de viajes y turoperadores para ofrecer paquetes que giren en torno a actividades fijas, con tarifas hoteleras variables\u201d, explic\u00f3.<\/p>\n\n\n\n<p>La AMHM proyecta una ocupaci\u00f3n hotelera cercana al 80 por ciento durante la temporada alta. No obstante, Ch\u00e1vez reconoci\u00f3 que uno de los principales retos del sector sigue siendo la baja ocupaci\u00f3n entre semana.<\/p>\n\n\n\n<p>\u201cEl comportamiento es positivo los fines de semana, pero de lunes a jueves necesitamos reforzar campa\u00f1as espec\u00edficas para incrementar la demanda. Superar el 80 por ciento de ocupaci\u00f3n no solo es la meta, sino la se\u00f1al de un resultado exitoso\u201d, agreg\u00f3.<\/p>\n\n\n\n<p>El l\u00edder hotelero reiter\u00f3 la importancia de coordinarse con todo el sector tur\u00edstico para impulsar la actividad econ\u00f3mica y mejorar la competitividad del destino.<\/p>\n","protected":false},"excerpt":{"rendered":"<p>De cara a la pr\u00f3xima temporada vacacional, los hoteles deben replantear sus estrategias comerciales y enfocarse en ofrecer experiencias completas, no \u00fanicamente alojamiento, advirti\u00f3 Iv\u00e1n Ch\u00e1vez, presidente de la Asociaci\u00f3n Mexicana de Hoteles y Moteles (AMHM) en San Luis Potos\u00ed. Ch\u00e1vez se\u00f1al\u00f3 que la clave para atraer a m\u00e1s visitantes est\u00e1 en dise\u00f1ar paquetes tur\u00edsticos [&hellip;]<\/p>\n","protected":false},"author":1,"featured_media":20628,"comment_status":"open","ping_status":"open","sticky":false,"template":"","format":"standard","meta":{"footnotes":""},"categories":[24,3163],"tags":[4568,1972,4569,4567,261,370,1977],"class_list":{"0":"post-20627","1":"post","2":"type-post","3":"status-publish","4":"format-standard","5":"has-post-thumbnail","7":"category-informacion-general","8":"category-san-luis-potosi","9":"tag-amhm","10":"tag-hoteles","11":"tag-ivan-chavez","12":"tag-moteles","13":"tag-slp","14":"tag-turismo","15":"tag-vacaciones"},"_links":{"self":[{"href":"https:\/\/cronicadesoledad.com\/index.php\/wp-json\/wp\/v2\/posts\/20627","targetHints":{"allow":["GET"]}}],"collection":[{"href":"https:\/\/cronicadesoledad.com\/index.php\/wp-json\/wp\/v2\/posts"}],"about":[{"href":"https:\/\/cronicadesoledad.com\/index.php\/wp-json\/wp\/v2\/types\/post"}],"author":[{"embeddable":true,"href":"https:\/\/cronicadesoledad.com\/index.php\/wp-json\/wp\/v2\/users\/1"}],"replies":[{"embeddable":true,"href":"https:\/\/cronicadesoledad.com\/index.php\/wp-json\/wp\/v2\/comments?post=20627"}],"version-history":[{"count":1,"href":"https:\/\/cronicadesoledad.com\/index.php\/wp-json\/wp\/v2\/posts\/20627\/revisions"}],"predecessor-version":[{"id":20629,"href":"https:\/\/cronicadesoledad.com\/index.php\/wp-json\/wp\/v2\/posts\/20627\/revisions\/20629"}],"wp:featuredmedia":[{"embeddable":true,"href":"https:\/\/cronicadesoledad.com\/index.php\/wp-json\/wp\/v2\/media\/20628"}],"wp:attachment":[{"href":"https:\/\/cronicadesoledad.com\/index.php\/wp-json\/wp\/v2\/media?parent=20627"}],"wp:term":[{"taxonomy":"category","embeddable":true,"href":"https:\/\/cronicadesoledad.com\/index.php\/wp-json\/wp\/v2\/categories?post=20627"},{"taxonomy":"post_tag","embeddable":true,"href":"https:\/\/cronicadesoledad.com\/index.php\/wp-json\/wp\/v2\/tags?post=20627"}],"curies":[{"name":"wp","href":"https:\/\/api.w.org\/{rel}","templated":true}]}}